{"id":28,"date":"2020-01-12T16:27:55","date_gmt":"2020-01-12T16:27:55","guid":{"rendered":"https:\/\/demo.themeansar.com\/newsup\/lite\/?p=28"},"modified":"2025-09-24T19:42:02","modified_gmt":"2025-09-24T17:42:02","slug":"have-is-days-together-meat-fill-for-give-youre","status":"publish","type":"post","link":"https:\/\/diariolademocracia.com\/?p=28","title":{"rendered":"El espiral de la salud: \u00bfc\u00f3mo puede un factor silencioso generar miles de puestos de trabajo?"},"content":{"rendered":"\n<p>Un diagn\u00f3stico m\u00e9dico a tiempo puede marcar un antes y un despu\u00e9s en la vida de una persona. Las enfermedades cr\u00f3nicas no transmisibles como el c\u00e1ncer, as\u00ed como las enfermedades cardiovasculares, diabetes y enfermedades pulmonares cr\u00f3nicas, plantean desaf\u00edos crecientes tanto para los sistemas de salud de Am\u00e9rica Latina como para los pacientes, a menudo de forma silenciosa y sin ser detectadas hasta que los s\u00edntomas est\u00e1n ya muy avanzados.<\/p>\n\n\n\n<figure class=\"wp-block-image size-full\"><img  title=\"\" loading=\"lazy\" decoding=\"async\" width=\"307\" height=\"164\" src=\"https:\/\/diariolademocracia.com\/wp-content\/uploads\/2020\/01\/image-1.png\"  alt=\"image-1 El espiral de la salud: \u00bfc\u00f3mo puede un factor silencioso generar miles de puestos de trabajo?\"  class=\"wp-image-2015\" srcset=\"https:\/\/diariolademocracia.com\/wp-content\/uploads\/2020\/01\/image-1.png 307w, https:\/\/diariolademocracia.com\/wp-content\/uploads\/2020\/01\/image-1-300x160.png 300w\" sizes=\"auto, (max-width: 307px) 100vw, 307px\" \/><\/figure>\n\n\n\n<p>Una transformaci\u00f3n igual de sutil podr\u00eda ser la clave de nuevas oportunidades laborales que permitan ofrecer cuidados de salud de calidad en la regi\u00f3n.\u201cYo trabajo en una fonda y si falto para ir al m\u00e9dico no me pagan el d\u00eda de trabajo\u201d, ejemplifica Ileana Chac\u00f3n, al mencionar las dificultades de asistir a una cita con un especialista. Desde hace tres a\u00f1os Ileana, quien sufre de hipertensi\u00f3n y diabetes, vive controlando diariamente su presi\u00f3n arterial y niveles de az\u00facar para ajustar su medicaci\u00f3n seg\u00fan sus resultados.<\/p>\n\n\n\n<p>El caso de Ileana no es aislado.\u00a0A medida que los pa\u00edses de la regi\u00f3n avanzan en su transici\u00f3n demogr\u00e1fica, la carga que las enfermedades no transmisibles imponen a los sistemas de salud aumenta. Un informe reciente del Banco Mundial en Colombia se\u00f1ala que durante el periodo 2012-2016 la multimorbilidad, esdecir la presencia de dos o m\u00e1s enfermedades cr\u00f3nicas al mismo tiempo, present\u00f3 una prevalencia de 19,5%, lo que conlleva a un incremento en el uso y el coste de los servicios de salud asociados. Seg\u00fan los especialistas, esto requiere que haya una mayor innovaci\u00f3n de los sistemas de salud, especialmente en la formaci\u00f3n y ejercicio del talento humano.<\/p>\n\n\n\n<p>Como Ileana, ya\u00a0m\u00e1s de 60 000 personas con enfermedades cr\u00f3nicas reciben servicios de telemedicina en 12 de las 16 regiones sanitarias de Panam\u00e1, a trav\u00e9s de un proyecto apoyado por el Banco Mundial. Este es s\u00f3lo un ejemplo de las soluciones integrales necesarias para que los pacientes reciban atenci\u00f3n sanitaria de forma directa y sin trabas burocr\u00e1ticas, al tiempo que pueden generar buenos resultados econ\u00f3micos.<\/p>\n\n\n\n<p>Est\u00e1 comprobado que invertir en una mejor salud y nutrici\u00f3n fortalece el capital humano y ayuda a tener una poblaci\u00f3n m\u00e1s productiva, lo que se traducir\u00eda en la generaci\u00f3n de millones de empleos. Por cada nuevo empleo en salud, se generan 3,4 empleos en otras \u00e1reas relacionadas, seg\u00fan nuevas estimaciones del Banco Mundial en pa\u00edses de ingresos bajos.<\/p>\n\n\n\n<p>\u201cEl desaf\u00edo para la regi\u00f3n no es solo aumentar la inversi\u00f3n en salud sino hacerlo de manera estrat\u00e9gica e integral\u201d, afirma Tania Dmytraczenko, gerente de la pr\u00e1ctica de Salud, Nutrici\u00f3n y Poblaci\u00f3n del Banco Mundial para Am\u00e9rica Latina y el Caribe. La experta asegura que el trabajo con los gobiernos nacionales y el sector privado busca conectar la formaci\u00f3n de especialistas sanitarios, el despliegue de nuevas tecnolog\u00edas y la construcci\u00f3n de infraestructura. \u201cAs\u00ed buscamos crear un ecosistema sanitario que genere no solo bienestar sino tambi\u00e9n empleo\u201d, explica.<\/p>\n\n\n\n<figure class=\"wp-block-image\"><img decoding=\"async\" src=\"https:\/\/worldbank.scene7.com\/is\/image\/worldbankprod\/SaludyEmpleosLAC3?wid=780&amp;hei=439&amp;qlt=85,0&amp;resMode=sharp\"  alt=\"SaludyEmpleosLAC3?wid=780&amp;hei=439&amp;qlt=85,0&amp;resMode=sharp El espiral de la salud: \u00bfc\u00f3mo puede un factor silencioso generar miles de puestos de trabajo?\"   title=\"\" \/><figcaption class=\"wp-element-caption\">Un profesional del Centro de Atenci\u00f3n Primaria de la Salud en la ciudad de Carmen de Areco, en Argentina. Foto:Juan Ignacio Coda<\/figcaption><\/figure>\n\n\n\n<p><strong>Un espiral interrumpido<\/strong><\/p>\n\n\n\n<p>Para poner en valor esta cadena productiva y de creaci\u00f3n de empleo, Am\u00e9rica Latina debe incrementar sustancialmente la inversi\u00f3n en salud. El gasto p\u00fablico alcanza apenas los 775 d\u00f3lares per c\u00e1pita, menos de una quinta parte del promedio comparado con los pa\u00edses de la OCDE, donde este indicador supera los 4000 d\u00f3lares. Incluso cuando se miran otros indicadores, los resultados son preocupantes: el n\u00famero de enfermeros por cada 1000 habitantes es tres veces menor en comparaci\u00f3n con los pa\u00edses de esta organizaci\u00f3n.<\/p>\n\n\n\n<figure class=\"wp-block-image size-full\"><img  title=\"\" loading=\"lazy\" decoding=\"async\" width=\"274\" height=\"184\" src=\"https:\/\/diariolademocracia.com\/wp-content\/uploads\/2020\/01\/image-2.png\"  alt=\"image-2 El espiral de la salud: \u00bfc\u00f3mo puede un factor silencioso generar miles de puestos de trabajo?\"  class=\"wp-image-2016\"\/><\/figure>\n\n\n\n<p>La buena noticia es que hay buenas pr\u00e1cticas que ya est\u00e1n mejorando la vida de las personas en la regi\u00f3n. Es el caso de Guillermo Fr\u00edas, un vecino del departamento de Villa Burruyac\u00fa, un peque\u00f1o poblado de menos de 2000 habitantes del norte de Argentina. \u201cLlegu\u00e9 un domingo al hospital y mis niveles de az\u00facar estaban en 460, casi tres veces m\u00e1s que lo recomendado\u201d, afirma desde el centro p\u00fablico donde se trata en la actualidad. \u201cDespu\u00e9s de los estudios pude llevar todo el tratamiento en el mismo centro, recibir la medicaci\u00f3n y aprender a llevar una alimentaci\u00f3n m\u00e1s saludable\u201d, resume.<\/p>\n\n\n\n<p>Garantizar que pacientes como Guillermo reciban los servicios m\u00e9dicos que necesitan sin que esto les genere dificultades financieras es una prioridad del Plan Sumar, un proyecto del gobierno argentino. Con apoyo del Banco Mundial desde 2004, esta iniciativa ya alcanza a 17,5 millones de argentinos y garantiza su acceso a una atenci\u00f3n integrada y de calidad. Adem\u00e1s, el proyecto ha permitido mejorar la atenci\u00f3n de los ni\u00f1os en el sistema p\u00fablico, ayudando a bajar la mortalidad infantil y otros riesgos sanitarios. Cada d\u00f3lar invertido en combatir la malnutrici\u00f3n, se\u00f1alan datos del Banco Mundial a nivel global, produce un rendimiento de 23 d\u00f3lares gracias al aumento de la productividad y la mejora de los resultados sanitarios.<\/p>\n\n\n\n<p>Detr\u00e1s de estos esfuerzos se encuentra el enfoque de cobertura sanitaria universal (CSU), que busca garantizar que todas las personas, especialmente las m\u00e1s vulnerables, tengan acceso a servicios m\u00e9dicos de calidad sin enfrentar dificultades financieras.<\/p>\n\n\n\n<p><strong>Tecnolog\u00eda y alianzas para desencadenar valor<\/strong><\/p>\n\n\n\n<p>Proveer servicios m\u00e9dicos de calidad y desencadenar la cadena de valor de la salud requiere de una mirada estrat\u00e9gica y una uni\u00f3n de fuerzas que permitan liberar todo el potencial.<\/p>\n\n\n\n<p>El Banco Mundial trabaja con los pa\u00edses de la regi\u00f3n para modernizar los servicios de salud y facilitar as\u00ed su acceso. En Argentina, una iniciativa con el gobierno de la provincia de Buenos Aires busca la digitalizaci\u00f3n de las fichas m\u00e9dicas en m\u00e1s de 150 hospitales provinciales y locales ubicados en las comunidades m\u00e1s vulnerables.<\/p>\n\n\n\n<p>La informaci\u00f3n digitalizada permite mejorar la atenci\u00f3n m\u00e9dica, a la vez que facilita la aplicaci\u00f3n de nuevas tecnolog\u00edas, lo que tambi\u00e9n genera nuevos puestos de trabajo de calidad.\u00a0Esto permite, por ejemplo, que estos mismos centros de salud ya puedan utilizar herramientas de telemedicina para controlar y atender los casos de dengue en la zona.<\/p>\n\n\n\n<p>Esto se suma a la alianza entre la Organizaci\u00f3n Panamericana de la Salud (OPS), el Banco Mundial y el Banco Interamericano de Desarrollo (BID) para fortalecer el financiamiento de la salud.<\/p>\n\n\n\n<p>\u201cLa Alianza para la Atenci\u00f3n Primaria de Salud representa un compromiso sin precedentes\u201d, confirma Dmytraczenko, quien destaca que esta uni\u00f3n de fuerzas permitir\u00e1 \u201cimpulsar la inversi\u00f3n estrat\u00e9gica, la innovaci\u00f3n y la implementaci\u00f3n de pol\u00edticas transformadoras\u201d con el fin de avanzar hacia una cobertura sanitaria universal. \u201cBuscamos que todas las personas, especialmente las m\u00e1s vulnerables, tengan acceso a servicios m\u00e9dicos de calidad sin enfrentar dificultades financieras\u201d, resalta.<\/p>\n\n\n\n<p>La buena salud no es s\u00f3lo la ausencia de enfermedades.\u00a0Una atenci\u00f3n sanitaria de calidad y accesible permite tambi\u00e9n desbloquear un gran n\u00famero de oportunidades econ\u00f3micas, generando nuevos puestos de trabajo de calidad y fortaleciendo las econom\u00edas locales.<\/p>\n\n\n\n<p><\/p>\n","protected":false},"excerpt":{"rendered":"<p>Un diagn\u00f3stico m\u00e9dico a tiempo puede marcar un antes y un despu\u00e9s en la vida de una persona. Las enfermedades cr\u00f3nicas no transmisibles como el c\u00e1ncer, as\u00ed como las enfermedades cardiovasculares, diabetes y enfermedades pulmonares cr\u00f3nicas, plantean desaf\u00edos crecientes tanto para los sistemas de salud de Am\u00e9rica Latina como para los pacientes, a menudo de [&hellip;]<\/p>\n","protected":false},"author":1,"featured_media":2020,"comment_status":"open","ping_status":"open","sticky":false,"template":"","format":"standard","meta":{"footnotes":""},"categories":[3,5],"tags":[],"class_list":["post-28","post","type-post","status-publish","format-standard","has-post-thumbnail","hentry","category-economia","category-ultimas-noticias"],"_links":{"self":[{"href":"https:\/\/diariolademocracia.com\/index.php?rest_route=\/wp\/v2\/posts\/28","targetHints":{"allow":["GET"]}}],"collection":[{"href":"https:\/\/diariolademocracia.com\/index.php?rest_route=\/wp\/v2\/posts"}],"about":[{"href":"https:\/\/diariolademocracia.com\/index.php?rest_route=\/wp\/v2\/types\/post"}],"author":[{"embeddable":true,"href":"https:\/\/diariolademocracia.com\/index.php?rest_route=\/wp\/v2\/users\/1"}],"replies":[{"embeddable":true,"href":"https:\/\/diariolademocracia.com\/index.php?rest_route=%2Fwp%2Fv2%2Fcomments&post=28"}],"version-history":[{"count":1,"href":"https:\/\/diariolademocracia.com\/index.php?rest_route=\/wp\/v2\/posts\/28\/revisions"}],"predecessor-version":[{"id":2017,"href":"https:\/\/diariolademocracia.com\/index.php?rest_route=\/wp\/v2\/posts\/28\/revisions\/2017"}],"wp:featuredmedia":[{"embeddable":true,"href":"https:\/\/diariolademocracia.com\/index.php?rest_route=\/wp\/v2\/media\/2020"}],"wp:attachment":[{"href":"https:\/\/diariolademocracia.com\/index.php?rest_route=%2Fwp%2Fv2%2Fmedia&parent=28"}],"wp:term":[{"taxonomy":"category","embeddable":true,"href":"https:\/\/diariolademocracia.com\/index.php?rest_route=%2Fwp%2Fv2%2Fcategories&post=28"},{"taxonomy":"post_tag","embeddable":true,"href":"https:\/\/diariolademocracia.com\/index.php?rest_route=%2Fwp%2Fv2%2Ftags&post=28"}],"curies":[{"name":"wp","href":"https:\/\/api.w.org\/{rel}","templated":true}]}}