{"id":4177,"date":"2026-04-28T15:41:47","date_gmt":"2026-04-28T13:41:47","guid":{"rendered":"https:\/\/diariolademocracia.com\/?p=4177"},"modified":"2026-04-28T15:41:48","modified_gmt":"2026-04-28T13:41:48","slug":"caos-y-malestar-ciudadano-por-traslado-de-sede-para-tramites-de-brevetes-a-comas","status":"publish","type":"post","link":"https:\/\/diariolademocracia.com\/?p=4177","title":{"rendered":"Caos y malestar ciudadano por traslado de sede para tr\u00e1mites de brevetes a Comas"},"content":{"rendered":"\n<p><em>Largas colas, desinformaci\u00f3n y extensos tiempos de traslado vienen generando indignaci\u00f3n en la ciudadan\u00eda tras el cambio de sede del centro de evaluaci\u00f3n para conductores.<\/em><\/p>\n\n\n\n<p>Decenas de ciudadanos expresaron su malestar ante las dificultades que enfrentan para realizar el tr\u00e1mite de obtenci\u00f3n de licencias de conducir, luego de que la sede fuera trasladada desde Conch\u00e1n hacia el distrito de Comas. La nueva ubicaci\u00f3n, situada en el jir\u00f3n Flor de Arrayanes N.\u00b0 361, se ha convertido en un punto de congesti\u00f3n debido a la alta demanda y a la falta de una adecuada organizaci\u00f3n.<\/p>\n\n\n\n<p>Seg\u00fan reportes de los propios usuarios, las largas filas comienzan desde tempranas horas de la ma\u00f1ana, sin que exista informaci\u00f3n clara ni orientaci\u00f3n suficiente por parte del personal encargado. Esta situaci\u00f3n ha generado confusi\u00f3n y retrasos en el proceso, afectando principalmente a quienes buscan obtener su brevetes para veh\u00edculos particulares y motocicletas.<\/p>\n\n\n\n<p>Uno de los principales problemas radica en la distancia. Muchos ciudadanos provienen de distritos ubicados en la zona sur de Lima, lo que implica trayectos que superan las dos horas para poder llegar al nuevo centro de evaluaci\u00f3n en Comas. Este cambio no solo ha incrementado los costos de traslado, sino tambi\u00e9n el desgaste f\u00edsico y emocional de los usuarios.<\/p>\n\n\n\n<p>Asimismo, se inform\u00f3 que la sede anterior en Conch\u00e1n, donde tradicionalmente se realizaban estos ex\u00e1menes, ha dejado de atender, lo que ha concentrado toda la demanda en un solo punto de la ciudad. Esta decisi\u00f3n ha sido duramente cuestionada por la poblaci\u00f3n, que considera que no se tomaron en cuenta criterios de accesibilidad ni descentralizaci\u00f3n.<\/p>\n\n\n\n<p>Ante este panorama, los ciudadanos han solicitado a las autoridades competentes la habilitaci\u00f3n de nuevas sedes en distintos puntos de Lima, con el objetivo de descongestionar el servicio y evitar situaciones de caos como las que actualmente se viven en Comas.<\/p>\n\n\n\n<p>La situaci\u00f3n pone en evidencia la necesidad de una mejor planificaci\u00f3n en la gesti\u00f3n de servicios p\u00fablicos, especialmente en aquellos que impactan directamente en la vida cotidiana de miles de personas. Mientras tanto, la poblaci\u00f3n contin\u00faa enfrentando largas esperas y dificultades para acceder a un tr\u00e1mite esencial.<\/p>\n","protected":false},"excerpt":{"rendered":"<p>Largas colas, desinformaci\u00f3n y extensos tiempos de traslado vienen generando indignaci\u00f3n en la ciudadan\u00eda tras el cambio de sede del centro de evaluaci\u00f3n para conductores. Decenas de ciudadanos expresaron su malestar ante las dificultades que enfrentan para realizar el tr\u00e1mite de obtenci\u00f3n de licencias de conducir, luego de que la sede fuera trasladada desde Conch\u00e1n [&hellip;]<\/p>\n","protected":false},"author":1,"featured_media":4178,"comment_status":"open","ping_status":"open","sticky":false,"template":"","format":"standard","meta":{"footnotes":""},"categories":[2,5],"tags":[],"class_list":["post-4177","post","type-post","status-publish","format-standard","has-post-thumbnail","hentry","category-nacional","category-ultimas-noticias"],"_links":{"self":[{"href":"https:\/\/diariolademocracia.com\/index.php?rest_route=\/wp\/v2\/posts\/4177","targetHints":{"allow":["GET"]}}],"collection":[{"href":"https:\/\/diariolademocracia.com\/index.php?rest_route=\/wp\/v2\/posts"}],"about":[{"href":"https:\/\/diariolademocracia.com\/index.php?rest_route=\/wp\/v2\/types\/post"}],"author":[{"embeddable":true,"href":"https:\/\/diariolademocracia.com\/index.php?rest_route=\/wp\/v2\/users\/1"}],"replies":[{"embeddable":true,"href":"https:\/\/diariolademocracia.com\/index.php?rest_route=%2Fwp%2Fv2%2Fcomments&post=4177"}],"version-history":[{"count":1,"href":"https:\/\/diariolademocracia.com\/index.php?rest_route=\/wp\/v2\/posts\/4177\/revisions"}],"predecessor-version":[{"id":4179,"href":"https:\/\/diariolademocracia.com\/index.php?rest_route=\/wp\/v2\/posts\/4177\/revisions\/4179"}],"wp:featuredmedia":[{"embeddable":true,"href":"https:\/\/diariolademocracia.com\/index.php?rest_route=\/wp\/v2\/media\/4178"}],"wp:attachment":[{"href":"https:\/\/diariolademocracia.com\/index.php?rest_route=%2Fwp%2Fv2%2Fmedia&parent=4177"}],"wp:term":[{"taxonomy":"category","embeddable":true,"href":"https:\/\/diariolademocracia.com\/index.php?rest_route=%2Fwp%2Fv2%2Fcategories&post=4177"},{"taxonomy":"post_tag","embeddable":true,"href":"https:\/\/diariolademocracia.com\/index.php?rest_route=%2Fwp%2Fv2%2Ftags&post=4177"}],"curies":[{"name":"wp","href":"https:\/\/api.w.org\/{rel}","templated":true}]}}