{"id":4180,"date":"2026-04-28T15:54:29","date_gmt":"2026-04-28T13:54:29","guid":{"rendered":"https:\/\/diariolademocracia.com\/?p=4180"},"modified":"2026-04-28T15:54:30","modified_gmt":"2026-04-28T13:54:30","slug":"sporting-cristal-sin-margen-de-error-obligado-a-ganar-en-matute-por-la-copa-libertadores","status":"publish","type":"post","link":"https:\/\/diariolademocracia.com\/?p=4180","title":{"rendered":"Sporting Cristal, sin margen de error: obligado a ganar en Matute por la Copa Libertadores"},"content":{"rendered":"\n<p><em>El cuadro celeste enfrenta hoy a Junior de Barranquilla en un duelo clave para levantar cabeza tras su mal momento en el torneo local.<\/em><\/p>\n\n\n\n<p>Esta noche, Sporting Cristal salta al campo del estadio Estadio Alejandro Villanueva con una consigna clara: ganar o complicarse seriamente en la Copa Libertadores. Al frente estar\u00e1 Junior de Barranquilla, un rival de peso que exigir\u00e1 al m\u00e1ximo a los rimenses en esta segunda fecha del Grupo F.<\/p>\n\n\n\n<p>El contexto no es el mejor. Las recientes derrotas en el torneo local han golpeado el \u00e1nimo en el R\u00edmac, generando malestar entre hinchas y en el entorno del club. Sin embargo, el certamen continental aparece como la oportunidad ideal para \u201clavarse la cara\u201d y reencontrarse con su mejor versi\u00f3n. Tal como se desprende de la informaci\u00f3n, el equipo dirigido por Z\u00e9 Ricardo sabe que un triunfo puede cambiar el rumbo inmediato.<\/p>\n\n\n\n<p>El encuentro, programado para las 9:00 p. m., ser\u00e1 una verdadera prueba de car\u00e1cter. Cristal no solo deber\u00e1 mejorar en lo futbol\u00edstico, sino tambi\u00e9n mostrar actitud y temple ante un rival que cuenta con figuras de peligro como Carlos Bacca, Te\u00f3filo Guti\u00e9rrez y Luis Muriel, referentes del ataque del conjunto cafetero.<\/p>\n\n\n\n<p>En la previa, el t\u00e9cnico celeste ha tenido que lidiar con ausencias importantes. Gabriel Santana qued\u00f3 fuera de la convocatoria, al igual que Luis Abram, quien arrastra un desgarro. La principal duda en defensa pasa por Miguel Araujo, pieza clave en la zaga que podr\u00eda definir el equilibrio del equipo.<\/p>\n\n\n\n<p>Mientras tanto, la hinchada celeste tambi\u00e9n jugar\u00e1 su partido. Se espera una movilizaci\u00f3n de entre 20 mil y 25 mil aficionados que partir\u00e1n desde el R\u00edmac hacia el Hotel Sheraton Lima, donde realizar\u00e1n un banderazo entre las 5:00 y 7:00 p. m. Posteriormente, una gran caravana acompa\u00f1ar\u00e1 al equipo rumbo a Matute, en una muestra de respaldo total en un momento decisivo.<\/p>\n\n\n\n<p>El compromiso contar\u00e1 con el arbitraje del argentino Maximiliano Ram\u00edrez, en un grupo que tambi\u00e9n integran Cerro Porte\u00f1o y Palmeiras, quienes disputar\u00e1n su encuentro en Asunci\u00f3n.<\/p>\n\n\n\n<p>No hay espacio para dudas. Esta noche, Sporting Cristal tiene la obligaci\u00f3n de responder dentro del campo y demostrar que, en la Copa, a\u00fan puede volver a sonre\u00edr.<\/p>\n","protected":false},"excerpt":{"rendered":"<p>El cuadro celeste enfrenta hoy a Junior de Barranquilla en un duelo clave para levantar cabeza tras su mal momento en el torneo local. Esta noche, Sporting Cristal salta al campo del estadio Estadio Alejandro Villanueva con una consigna clara: ganar o complicarse seriamente en la Copa Libertadores. Al frente estar\u00e1 Junior de Barranquilla, un [&hellip;]<\/p>\n","protected":false},"author":1,"featured_media":4181,"comment_status":"open","ping_status":"open","sticky":false,"template":"","format":"standard","meta":{"footnotes":""},"categories":[7,5],"tags":[],"class_list":["post-4180","post","type-post","status-publish","format-standard","has-post-thumbnail","hentry","category-deporte","category-ultimas-noticias"],"_links":{"self":[{"href":"https:\/\/diariolademocracia.com\/index.php?rest_route=\/wp\/v2\/posts\/4180","targetHints":{"allow":["GET"]}}],"collection":[{"href":"https:\/\/diariolademocracia.com\/index.php?rest_route=\/wp\/v2\/posts"}],"about":[{"href":"https:\/\/diariolademocracia.com\/index.php?rest_route=\/wp\/v2\/types\/post"}],"author":[{"embeddable":true,"href":"https:\/\/diariolademocracia.com\/index.php?rest_route=\/wp\/v2\/users\/1"}],"replies":[{"embeddable":true,"href":"https:\/\/diariolademocracia.com\/index.php?rest_route=%2Fwp%2Fv2%2Fcomments&post=4180"}],"version-history":[{"count":1,"href":"https:\/\/diariolademocracia.com\/index.php?rest_route=\/wp\/v2\/posts\/4180\/revisions"}],"predecessor-version":[{"id":4182,"href":"https:\/\/diariolademocracia.com\/index.php?rest_route=\/wp\/v2\/posts\/4180\/revisions\/4182"}],"wp:featuredmedia":[{"embeddable":true,"href":"https:\/\/diariolademocracia.com\/index.php?rest_route=\/wp\/v2\/media\/4181"}],"wp:attachment":[{"href":"https:\/\/diariolademocracia.com\/index.php?rest_route=%2Fwp%2Fv2%2Fmedia&parent=4180"}],"wp:term":[{"taxonomy":"category","embeddable":true,"href":"https:\/\/diariolademocracia.com\/index.php?rest_route=%2Fwp%2Fv2%2Fcategories&post=4180"},{"taxonomy":"post_tag","embeddable":true,"href":"https:\/\/diariolademocracia.com\/index.php?rest_route=%2Fwp%2Fv2%2Ftags&post=4180"}],"curies":[{"name":"wp","href":"https:\/\/api.w.org\/{rel}","templated":true}]}}