{"id":4195,"date":"2026-04-28T22:25:36","date_gmt":"2026-04-28T20:25:36","guid":{"rendered":"https:\/\/diariolademocracia.com\/?p=4195"},"modified":"2026-04-28T22:25:37","modified_gmt":"2026-04-28T20:25:37","slug":"trump-reaviva-la-guerra-comercial-y-sacude-los-mercados-semana-clave-para-la-economia-de-ee-uu","status":"publish","type":"post","link":"https:\/\/diariolademocracia.com\/?p=4195","title":{"rendered":"Trump reaviva la guerra comercial y sacude los mercados: semana clave para la econom\u00eda de EE.UU"},"content":{"rendered":"\n<p><em>Aranceles, reforma fiscal y tensi\u00f3n en los bonos colocan a la mayor econom\u00eda del mundo ante un escenario de alta incertidumbre.<\/em><\/p>\n\n\n\n<p>La econom\u00eda de Estados Unidos enfrenta una semana decisiva marcada por la volatilidad y la incertidumbre, tras una nueva escalada en la pol\u00edtica comercial impulsada por el presidente Donald Trump. Las recientes medidas han generado inquietud en los mercados financieros y encendido alertas tanto en Reserva Federal como en Wall Street.<\/p>\n\n\n\n<p>El detonante ha sido el resurgimiento de la guerra comercial. Trump amenaz\u00f3 con imponer aranceles del 50 % a productos provenientes de la Uni\u00f3n Europea, adem\u00e1s de aplicar impuestos del 25 % a gigantes tecnol\u00f3gicos como Apple y Samsung. Aunque posteriormente se anunci\u00f3 una postergaci\u00f3n parcial de estas medidas, el mensaje ya hab\u00eda generado un impacto inmediato en los mercados.<\/p>\n\n\n\n<p>A esto se suma el avance de su ambicioso proyecto de reforma fiscal \u2014calificado por el propio mandatario como \u201cgrande y hermoso\u201d\u2014 que ya fue aprobado en la C\u00e1mara de Representantes y ahora pasa al Senado. La propuesta plantea una expansi\u00f3n significativa del d\u00e9ficit fiscal, lo que ha provocado tensiones en el mercado de bonos y preocupaci\u00f3n entre inversionistas.<\/p>\n\n\n\n<p>El efecto combinado de estas decisiones comienza a sentirse en la econom\u00eda real. La incertidumbre ha llevado a empresas estadounidenses a acelerar importaciones ante el temor de mayores costos futuros, mientras que los consumidores enfrentan un escenario de precios al alza y cr\u00e9dito m\u00e1s caro. El punto clave ahora es determinar si la demanda interna \u2014motor fundamental del crecimiento\u2014 lograr\u00e1 sostenerse o comenzar\u00e1 a desacelerarse.<\/p>\n\n\n\n<p>En este contexto, los datos econ\u00f3micos que se publicar\u00e1n en los pr\u00f3ximos d\u00edas ser\u00e1n determinantes. Se esperan informes sobre el comportamiento del consumidor, una revisi\u00f3n del crecimiento del primer trimestre y nuevas cifras de gasto, indicadores que permitir\u00e1n medir el impacto real de las pol\u00edticas de la Casa Blanca.<\/p>\n\n\n\n<p>Asimismo, varios funcionarios de la Reserva Federal ofrecer\u00e1n declaraciones p\u00fablicas que podr\u00edan dar se\u00f1ales sobre el rumbo de la pol\u00edtica monetaria en medio de este panorama. La posibilidad de ajustes en las tasas de inter\u00e9s se mantiene sobre la mesa, especialmente si la inflaci\u00f3n contin\u00faa presionada por el encarecimiento de importaciones.<\/p>\n\n\n\n<p>Analistas coinciden en que el principal riesgo radica en la persistencia de la incertidumbre. La combinaci\u00f3n de tensiones comerciales, expansi\u00f3n fiscal y volatilidad financiera podr\u00eda debilitar la confianza de consumidores e inversionistas, afectando el crecimiento en el mediano plazo.<\/p>\n\n\n\n<p>As\u00ed, Estados Unidos se adentra en una semana clave donde se pondr\u00e1 a prueba la resiliencia de su econom\u00eda frente a decisiones pol\u00edticas que, lejos de estabilizar el escenario, parecen profundizar las tensiones tanto a nivel interno como global.<\/p>\n","protected":false},"excerpt":{"rendered":"<p>Aranceles, reforma fiscal y tensi\u00f3n en los bonos colocan a la mayor econom\u00eda del mundo ante un escenario de alta incertidumbre. La econom\u00eda de Estados Unidos enfrenta una semana decisiva marcada por la volatilidad y la incertidumbre, tras una nueva escalada en la pol\u00edtica comercial impulsada por el presidente Donald Trump. Las recientes medidas han [&hellip;]<\/p>\n","protected":false},"author":1,"featured_media":4196,"comment_status":"open","ping_status":"open","sticky":false,"template":"","format":"standard","meta":{"footnotes":""},"categories":[3],"tags":[],"class_list":["post-4195","post","type-post","status-publish","format-standard","has-post-thumbnail","hentry","category-economia"],"_links":{"self":[{"href":"https:\/\/diariolademocracia.com\/index.php?rest_route=\/wp\/v2\/posts\/4195","targetHints":{"allow":["GET"]}}],"collection":[{"href":"https:\/\/diariolademocracia.com\/index.php?rest_route=\/wp\/v2\/posts"}],"about":[{"href":"https:\/\/diariolademocracia.com\/index.php?rest_route=\/wp\/v2\/types\/post"}],"author":[{"embeddable":true,"href":"https:\/\/diariolademocracia.com\/index.php?rest_route=\/wp\/v2\/users\/1"}],"replies":[{"embeddable":true,"href":"https:\/\/diariolademocracia.com\/index.php?rest_route=%2Fwp%2Fv2%2Fcomments&post=4195"}],"version-history":[{"count":1,"href":"https:\/\/diariolademocracia.com\/index.php?rest_route=\/wp\/v2\/posts\/4195\/revisions"}],"predecessor-version":[{"id":4197,"href":"https:\/\/diariolademocracia.com\/index.php?rest_route=\/wp\/v2\/posts\/4195\/revisions\/4197"}],"wp:featuredmedia":[{"embeddable":true,"href":"https:\/\/diariolademocracia.com\/index.php?rest_route=\/wp\/v2\/media\/4196"}],"wp:attachment":[{"href":"https:\/\/diariolademocracia.com\/index.php?rest_route=%2Fwp%2Fv2%2Fmedia&parent=4195"}],"wp:term":[{"taxonomy":"category","embeddable":true,"href":"https:\/\/diariolademocracia.com\/index.php?rest_route=%2Fwp%2Fv2%2Fcategories&post=4195"},{"taxonomy":"post_tag","embeddable":true,"href":"https:\/\/diariolademocracia.com\/index.php?rest_route=%2Fwp%2Fv2%2Ftags&post=4195"}],"curies":[{"name":"wp","href":"https:\/\/api.w.org\/{rel}","templated":true}]}}