{"id":4198,"date":"2026-04-29T05:59:52","date_gmt":"2026-04-29T03:59:52","guid":{"rendered":"https:\/\/diariolademocracia.com\/?p=4198"},"modified":"2026-04-29T06:01:18","modified_gmt":"2026-04-29T04:01:18","slug":"el-sporting-cristal-dio-un-golpe-de-autoridad-en-la-copa-libertadores-tras-imponerse-por-2-0-en-el-emblematico-estadio-alejandro-villanueva-en-una-noche-que-devolvio-la-ilusion-a-su-hinchada","status":"publish","type":"post","link":"https:\/\/diariolademocracia.com\/?p=4198","title":{"rendered":"El Sporting Cristal dio un golpe de autoridad en la Copa Libertadores tras imponerse por 2-0 en el emblem\u00e1tico Estadio Alejandro Villanueva, en una noche que devolvi\u00f3 la ilusi\u00f3n a su hinchada."},"content":{"rendered":"\n<p>El conjunto celeste, que ven\u00eda mostrando dudas en su rendimiento, evidenci\u00f3 una notable mejor\u00eda, especialmente en el aspecto defensivo. Desde el inicio, el equipo lime\u00f1o se mostr\u00f3 ordenado, s\u00f3lido en la zaga y con mayor cohesi\u00f3n en sus l\u00edneas, neutralizando los intentos del rival y apostando por un juego colectivo m\u00e1s efectivo.<\/p>\n\n\n\n<p>El primer golpe lleg\u00f3 gracias a Santi Gonz\u00e1lez, quien abri\u00f3 el marcador y desat\u00f3 la euforia en las tribunas. Con el control del partido, Cristal supo administrar la ventaja y, ya en el complemento, el argentino Cabello sentenci\u00f3 el encuentro con el segundo tanto, consolidando una victoria que fortalece la confianza del plantel.<\/p>\n\n\n\n<p>El triunfo no solo representa tres puntos vitales, sino que coloca a Sporting Cristal en una posici\u00f3n favorable en la tabla, manteni\u00e9ndolo en la pelea por la clasificaci\u00f3n a la siguiente fase del torneo continental. La respuesta del p\u00fablico no se hizo esperar: c\u00e1nticos, folclore y una fiesta total se vivieron en Matute, reflejando la conexi\u00f3n entre el equipo, la hinchada, la directiva y el comando t\u00e9cnico.<\/p>\n\n\n\n<p>Con este resultado, el cuadro rimense deja en claro que est\u00e1 en crecimiento y que, con una defensa m\u00e1s firme y un juego colectivo en alza, puede aspirar a competir con autoridad en el escenario internacional.<\/p>\n\n\n\n<p>\u2709\ufe0f Alfredo Rosell G .<\/p>\n","protected":false},"excerpt":{"rendered":"<p>El conjunto celeste, que ven\u00eda mostrando dudas en su rendimiento, evidenci\u00f3 una notable mejor\u00eda, especialmente en el aspecto defensivo. Desde el inicio, el equipo lime\u00f1o se mostr\u00f3 ordenado, s\u00f3lido en la zaga y con mayor cohesi\u00f3n en sus l\u00edneas, neutralizando los intentos del rival y apostando por un juego colectivo m\u00e1s efectivo. El primer golpe [&hellip;]<\/p>\n","protected":false},"author":1,"featured_media":4199,"comment_status":"open","ping_status":"open","sticky":false,"template":"","format":"standard","meta":{"footnotes":""},"categories":[7,5],"tags":[],"class_list":["post-4198","post","type-post","status-publish","format-standard","has-post-thumbnail","hentry","category-deporte","category-ultimas-noticias"],"_links":{"self":[{"href":"https:\/\/diariolademocracia.com\/index.php?rest_route=\/wp\/v2\/posts\/4198","targetHints":{"allow":["GET"]}}],"collection":[{"href":"https:\/\/diariolademocracia.com\/index.php?rest_route=\/wp\/v2\/posts"}],"about":[{"href":"https:\/\/diariolademocracia.com\/index.php?rest_route=\/wp\/v2\/types\/post"}],"author":[{"embeddable":true,"href":"https:\/\/diariolademocracia.com\/index.php?rest_route=\/wp\/v2\/users\/1"}],"replies":[{"embeddable":true,"href":"https:\/\/diariolademocracia.com\/index.php?rest_route=%2Fwp%2Fv2%2Fcomments&post=4198"}],"version-history":[{"count":1,"href":"https:\/\/diariolademocracia.com\/index.php?rest_route=\/wp\/v2\/posts\/4198\/revisions"}],"predecessor-version":[{"id":4200,"href":"https:\/\/diariolademocracia.com\/index.php?rest_route=\/wp\/v2\/posts\/4198\/revisions\/4200"}],"wp:featuredmedia":[{"embeddable":true,"href":"https:\/\/diariolademocracia.com\/index.php?rest_route=\/wp\/v2\/media\/4199"}],"wp:attachment":[{"href":"https:\/\/diariolademocracia.com\/index.php?rest_route=%2Fwp%2Fv2%2Fmedia&parent=4198"}],"wp:term":[{"taxonomy":"category","embeddable":true,"href":"https:\/\/diariolademocracia.com\/index.php?rest_route=%2Fwp%2Fv2%2Fcategories&post=4198"},{"taxonomy":"post_tag","embeddable":true,"href":"https:\/\/diariolademocracia.com\/index.php?rest_route=%2Fwp%2Fv2%2Ftags&post=4198"}],"curies":[{"name":"wp","href":"https:\/\/api.w.org\/{rel}","templated":true}]}}