{"id":4201,"date":"2026-04-30T03:55:16","date_gmt":"2026-04-30T01:55:16","guid":{"rendered":"https:\/\/diariolademocracia.com\/?p=4201"},"modified":"2026-04-30T03:55:17","modified_gmt":"2026-04-30T01:55:17","slug":"estados-unidos-y-su-eventual-respaldo-al-reino-unido-por-malvinas-desata-tensiones-geopoliticas-y-criticas-en-argentina","status":"publish","type":"post","link":"https:\/\/diariolademocracia.com\/?p=4201","title":{"rendered":"Estados Unidos y su eventual respaldo al Reino Unido por Malvinas desata tensiones geopol\u00edticas y cr\u00edticas en Argentina"},"content":{"rendered":"\n<p>En medio de un escenario internacional marcado por conflictos y reacomodos estrat\u00e9gicos, una nueva controversia ha surgido tras versiones que se\u00f1alan que Estados Unidos podr\u00eda reforzar su respaldo al Reino Unido frente a un eventual conflicto por las Islas Malvinas. La imagen difundida \u2014en la que aparece el expresidente estadounidense&nbsp;Donald Trump\u2014 sugiere un apoyo militar en caso de una hipot\u00e9tica invasi\u00f3n argentina, lo que ha generado preocupaci\u00f3n y debate en la regi\u00f3n.<\/p>\n\n\n\n<p>Sin embargo, la realidad diplom\u00e1tica es m\u00e1s compleja. De acuerdo con reportes recientes, Estados Unidos&nbsp;<strong>no mantiene una postura oficial sobre la soberan\u00eda de las Malvinas<\/strong>, aunque s\u00ed reconoce la administraci\u00f3n brit\u00e1nica de facto y promueve el di\u00e1logo entre las partes&nbsp;. Este equilibrio hist\u00f3rico podr\u00eda verse alterado por tensiones dentro de la OTAN y desacuerdos con aliados europeos en el contexto de la guerra con Ir\u00e1n.<\/p>\n\n\n\n<p>Documentos filtrados del Pent\u00e1gono revelan que Washington incluso ha evaluado&nbsp;<strong>revisar su apoyo tradicional al Reino Unido<\/strong>, como medida de presi\u00f3n ante la falta de respaldo de algunos aliados en operaciones militares recientes&nbsp;. Esta posibilidad ha encendido alarmas tanto en Londres como en Buenos Aires, reactivando un conflicto que sigue siendo altamente sensible desde la guerra de 1982.<\/p>\n\n\n\n<h3 class=\"wp-block-heading\">Impacto pol\u00edtico en Argentina<\/h3>\n\n\n\n<p>En Argentina, este escenario tiene implicancias pol\u00edticas directas. La cercan\u00eda ideol\u00f3gica entre el presidente&nbsp;Javier Milei&nbsp;y Donald Trump ha sido objeto de cr\u00edticas internas. Sectores de la oposici\u00f3n y analistas consideran que una alineaci\u00f3n excesiva con Washington podr\u00eda proyectar una imagen de dependencia o subordinaci\u00f3n internacional.<\/p>\n\n\n\n<p>De hecho, algunas voces pol\u00edticas ya han calificado esta relaci\u00f3n como perjudicial para la soberan\u00eda diplom\u00e1tica argentina, se\u00f1alando que el pa\u00eds podr\u00eda quedar como una \u201cpieza negociable\u201d dentro del tablero geopol\u00edtico global&nbsp;.<\/p>\n\n\n\n<h3 class=\"wp-block-heading\">Reino Unido reafirma su posici\u00f3n<\/h3>\n\n\n\n<p>Por su parte, el gobierno brit\u00e1nico ha reiterado que la soberan\u00eda de las islas \u201cno est\u00e1 en discusi\u00f3n\u201d y ha enfatizado el derecho de autodeterminaci\u00f3n de los habitantes del archipi\u00e9lago&nbsp;. Este argumento ha sido hist\u00f3ricamente central para Londres, especialmente tras el refer\u00e9ndum de 2013 donde la poblaci\u00f3n vot\u00f3 abrumadoramente por seguir siendo territorio brit\u00e1nico.<\/p>\n\n\n\n<h3 class=\"wp-block-heading\">Un conflicto latente en un mundo inestable<\/h3>\n\n\n\n<p>Aunque no existe evidencia concreta de un apoyo militar inmediato como el que sugiere la imagen, el contexto internacional actual \u2014marcado por conflictos en Medio Oriente y tensiones dentro de alianzas occidentales\u2014 podr\u00eda reconfigurar posiciones hist\u00f3ricas.<\/p>\n\n\n\n<p>La cuesti\u00f3n de las Malvinas sigue siendo un s\u00edmbolo de identidad nacional para Argentina y un punto estrat\u00e9gico para el Reino Unido. Cualquier cambio en la postura de Estados Unidos no solo tendr\u00eda repercusiones diplom\u00e1ticas, sino tambi\u00e9n pol\u00edticas internas en ambos lados del Atl\u00e1ntico.<\/p>\n\n\n\n<p>En este escenario, m\u00e1s que certezas, lo que predomina es la incertidumbre: una combinaci\u00f3n de intereses estrat\u00e9gicos, alianzas fr\u00e1giles y liderazgos que podr\u00edan redefinir el equilibrio global en cualquier momento.<\/p>\n\n\n\n<p>\u2709\ufe0f Alfredo Rosell G.<\/p>\n\n\n\n<p><\/p>\n","protected":false},"excerpt":{"rendered":"<p>En medio de un escenario internacional marcado por conflictos y reacomodos estrat\u00e9gicos, una nueva controversia ha surgido tras versiones que se\u00f1alan que Estados Unidos podr\u00eda reforzar su respaldo al Reino Unido frente a un eventual conflicto por las Islas Malvinas. La imagen difundida \u2014en la que aparece el expresidente estadounidense&nbsp;Donald Trump\u2014 sugiere un apoyo militar [&hellip;]<\/p>\n","protected":false},"author":1,"featured_media":4202,"comment_status":"open","ping_status":"open","sticky":false,"template":"","format":"standard","meta":{"footnotes":""},"categories":[2,5],"tags":[],"class_list":["post-4201","post","type-post","status-publish","format-standard","has-post-thumbnail","hentry","category-nacional","category-ultimas-noticias"],"_links":{"self":[{"href":"https:\/\/diariolademocracia.com\/index.php?rest_route=\/wp\/v2\/posts\/4201","targetHints":{"allow":["GET"]}}],"collection":[{"href":"https:\/\/diariolademocracia.com\/index.php?rest_route=\/wp\/v2\/posts"}],"about":[{"href":"https:\/\/diariolademocracia.com\/index.php?rest_route=\/wp\/v2\/types\/post"}],"author":[{"embeddable":true,"href":"https:\/\/diariolademocracia.com\/index.php?rest_route=\/wp\/v2\/users\/1"}],"replies":[{"embeddable":true,"href":"https:\/\/diariolademocracia.com\/index.php?rest_route=%2Fwp%2Fv2%2Fcomments&post=4201"}],"version-history":[{"count":1,"href":"https:\/\/diariolademocracia.com\/index.php?rest_route=\/wp\/v2\/posts\/4201\/revisions"}],"predecessor-version":[{"id":4203,"href":"https:\/\/diariolademocracia.com\/index.php?rest_route=\/wp\/v2\/posts\/4201\/revisions\/4203"}],"wp:featuredmedia":[{"embeddable":true,"href":"https:\/\/diariolademocracia.com\/index.php?rest_route=\/wp\/v2\/media\/4202"}],"wp:attachment":[{"href":"https:\/\/diariolademocracia.com\/index.php?rest_route=%2Fwp%2Fv2%2Fmedia&parent=4201"}],"wp:term":[{"taxonomy":"category","embeddable":true,"href":"https:\/\/diariolademocracia.com\/index.php?rest_route=%2Fwp%2Fv2%2Fcategories&post=4201"},{"taxonomy":"post_tag","embeddable":true,"href":"https:\/\/diariolademocracia.com\/index.php?rest_route=%2Fwp%2Fv2%2Ftags&post=4201"}],"curies":[{"name":"wp","href":"https:\/\/api.w.org\/{rel}","templated":true}]}}