{"id":4204,"date":"2026-04-30T04:10:32","date_gmt":"2026-04-30T02:10:32","guid":{"rendered":"https:\/\/diariolademocracia.com\/?p=4204"},"modified":"2026-04-30T04:10:33","modified_gmt":"2026-04-30T02:10:33","slug":"crisis-de-prioridades-rescate-a-petroperu-reabre-debate-sobre-inversion-en-educacion-en-el-peru","status":"publish","type":"post","link":"https:\/\/diariolademocracia.com\/?p=4204","title":{"rendered":"Crisis de prioridades: rescate a Petroper\u00fa reabre debate sobre inversi\u00f3n en educaci\u00f3n en el Per\u00fa"},"content":{"rendered":"\n<p>Una imagen difundida recientemente ha reavivado el debate nacional sobre el uso de los recursos p\u00fablicos. El mensaje es contundente: mientras la petrolera estatal&nbsp;Petroper\u00fa&nbsp;solicita un nuevo rescate financiero por&nbsp;<strong>US$2,000 millones<\/strong>, pese a haber recibido m\u00e1s de&nbsp;<strong>US$7,000 millones<\/strong>&nbsp;en los \u00faltimos a\u00f1os, amplios sectores cuestionan por qu\u00e9 no existen fondos suficientes para \u00e1reas clave como la educaci\u00f3n.<\/p>\n\n\n\n<p>El cartel expone una preocupaci\u00f3n que trasciende lo econ\u00f3mico:&nbsp;<strong>la gesti\u00f3n de prioridades del Estado<\/strong>. La frase central \u2014\u201cNo hay para las becas, \u00bfpero s\u00ed para Petroper\u00fa?\u201d\u2014 sintetiza el malestar ciudadano ante lo que muchos consideran una asignaci\u00f3n desigual de recursos.<\/p>\n\n\n\n<h3 class=\"wp-block-heading\">Educaci\u00f3n: inversi\u00f3n estrat\u00e9gica, no gasto<\/h3>\n\n\n\n<p>Especialistas en pol\u00edticas p\u00fablicas coinciden en que invertir en educaci\u00f3n no solo mejora la calidad de vida de la poblaci\u00f3n, sino que tambi\u00e9n impulsa el crecimiento econ\u00f3mico sostenible. Programas de becas, formaci\u00f3n t\u00e9cnica y acceso a universidades son pilares fundamentales para reducir la desigualdad y fortalecer el capital humano del pa\u00eds.<\/p>\n\n\n\n<p>Cuando estos sectores reciben menos atenci\u00f3n presupuestal, las consecuencias se reflejan a largo plazo: menor competitividad, aumento del desempleo juvenil y limitadas oportunidades de desarrollo.<\/p>\n\n\n\n<h3 class=\"wp-block-heading\">El costo de una mala administraci\u00f3n<\/h3>\n\n\n\n<p>El caso de&nbsp;Petroper\u00fa&nbsp;pone en evidencia un problema estructural: la&nbsp;<strong>ineficiencia en la administraci\u00f3n de empresas p\u00fablicas<\/strong>. Diversos informes han se\u00f1alado sobrecostos, problemas de gesti\u00f3n y falta de transparencia en proyectos clave como la modernizaci\u00f3n de la refiner\u00eda de Talara.<\/p>\n\n\n\n<p>Cuando una entidad estatal requiere constantes rescates financieros, el impacto no se limita a sus balances internos. Por el contrario, genera un&nbsp;<strong>efecto domin\u00f3<\/strong>&nbsp;que afecta a otros sectores econ\u00f3micos y sociales. Cada d\u00f3lar destinado a cubrir d\u00e9ficits empresariales es un d\u00f3lar que deja de invertirse en salud, educaci\u00f3n o infraestructura.<\/p>\n\n\n\n<h3 class=\"wp-block-heading\">Repercusiones en el aparato estatal<\/h3>\n\n\n\n<p>Una mala gesti\u00f3n no solo compromete la sostenibilidad de una empresa, sino tambi\u00e9n la credibilidad del Estado. Adem\u00e1s, puede provocar recortes o limitaciones presupuestales en otras instituciones p\u00fablicas, afectando directamente servicios esenciales para la ciudadan\u00eda.<\/p>\n\n\n\n<p>En ese contexto, el debate no gira \u00fanicamente en torno a rescatar o no a una empresa estatal, sino a&nbsp;<strong>c\u00f3mo se administran los recursos p\u00fablicos<\/strong>&nbsp;y qu\u00e9 prioridades se establecen.<\/p>\n\n\n\n<h3 class=\"wp-block-heading\">Un llamado a la eficiencia y transparencia<\/h3>\n\n\n\n<p>La discusi\u00f3n sobre&nbsp;Petroper\u00fa&nbsp;y el financiamiento estatal plantea una interrogante de fondo: \u00bfest\u00e1 el pa\u00eds invirtiendo correctamente en su futuro?<\/p>\n\n\n\n<p>La respuesta, para muchos, pasa por fortalecer los mecanismos de control, garantizar transparencia en la gesti\u00f3n p\u00fablica y, sobre todo,&nbsp;<strong>priorizar sectores estrat\u00e9gicos como la educaci\u00f3n<\/strong>, que representan la base del desarrollo sostenible.<\/p>\n\n\n\n<p>En un pa\u00eds con m\u00faltiples brechas sociales, cada decisi\u00f3n presupuestal cuenta. Y hoy, m\u00e1s que nunca, la ciudadan\u00eda exige que esas decisiones respondan al inter\u00e9s com\u00fan y no a la urgencia de corregir errores administrativos.<\/p>\n\n\n\n<p>\u2709\ufe0f Alfredo Rosell G. <\/p>\n","protected":false},"excerpt":{"rendered":"<p>Una imagen difundida recientemente ha reavivado el debate nacional sobre el uso de los recursos p\u00fablicos. El mensaje es contundente: mientras la petrolera estatal&nbsp;Petroper\u00fa&nbsp;solicita un nuevo rescate financiero por&nbsp;US$2,000 millones, pese a haber recibido m\u00e1s de&nbsp;US$7,000 millones&nbsp;en los \u00faltimos a\u00f1os, amplios sectores cuestionan por qu\u00e9 no existen fondos suficientes para \u00e1reas clave como la educaci\u00f3n. [&hellip;]<\/p>\n","protected":false},"author":1,"featured_media":4205,"comment_status":"open","ping_status":"open","sticky":false,"template":"","format":"standard","meta":{"footnotes":""},"categories":[2,5],"tags":[],"class_list":["post-4204","post","type-post","status-publish","format-standard","has-post-thumbnail","hentry","category-nacional","category-ultimas-noticias"],"_links":{"self":[{"href":"https:\/\/diariolademocracia.com\/index.php?rest_route=\/wp\/v2\/posts\/4204","targetHints":{"allow":["GET"]}}],"collection":[{"href":"https:\/\/diariolademocracia.com\/index.php?rest_route=\/wp\/v2\/posts"}],"about":[{"href":"https:\/\/diariolademocracia.com\/index.php?rest_route=\/wp\/v2\/types\/post"}],"author":[{"embeddable":true,"href":"https:\/\/diariolademocracia.com\/index.php?rest_route=\/wp\/v2\/users\/1"}],"replies":[{"embeddable":true,"href":"https:\/\/diariolademocracia.com\/index.php?rest_route=%2Fwp%2Fv2%2Fcomments&post=4204"}],"version-history":[{"count":1,"href":"https:\/\/diariolademocracia.com\/index.php?rest_route=\/wp\/v2\/posts\/4204\/revisions"}],"predecessor-version":[{"id":4206,"href":"https:\/\/diariolademocracia.com\/index.php?rest_route=\/wp\/v2\/posts\/4204\/revisions\/4206"}],"wp:featuredmedia":[{"embeddable":true,"href":"https:\/\/diariolademocracia.com\/index.php?rest_route=\/wp\/v2\/media\/4205"}],"wp:attachment":[{"href":"https:\/\/diariolademocracia.com\/index.php?rest_route=%2Fwp%2Fv2%2Fmedia&parent=4204"}],"wp:term":[{"taxonomy":"category","embeddable":true,"href":"https:\/\/diariolademocracia.com\/index.php?rest_route=%2Fwp%2Fv2%2Fcategories&post=4204"},{"taxonomy":"post_tag","embeddable":true,"href":"https:\/\/diariolademocracia.com\/index.php?rest_route=%2Fwp%2Fv2%2Ftags&post=4204"}],"curies":[{"name":"wp","href":"https:\/\/api.w.org\/{rel}","templated":true}]}}