{"id":4207,"date":"2026-04-30T17:43:12","date_gmt":"2026-04-30T15:43:12","guid":{"rendered":"https:\/\/diariolademocracia.com\/?p=4207"},"modified":"2026-04-30T17:43:13","modified_gmt":"2026-04-30T15:43:13","slug":"universitario-reacciona-y-golea-a-nacional-4-2-que-lo-mantiene-con-vida-en-la-libertadores","status":"publish","type":"post","link":"https:\/\/diariolademocracia.com\/?p=4207","title":{"rendered":"Universitario reacciona y golea a Nacional: 4-2 que lo mantiene con vida en la Libertadores"},"content":{"rendered":"\n<p><em>El cuadro crema dej\u00f3 atr\u00e1s la crisis institucional y firm\u00f3 una remontada clave en el Estadio Monumental por la fecha 3 del Grupo B.<\/em><\/p>\n\n\n\n<p>En una noche de car\u00e1cter y f\u00fatbol ofensivo,&nbsp;Universitario de Deportes&nbsp;derrot\u00f3 por 4-2 a&nbsp;Nacional&nbsp;en el estadio&nbsp;Estadio Monumental, resultado que le permite seguir con vida en el Grupo B de la&nbsp;Copa Libertadores 2026.<\/p>\n\n\n\n<p>El inicio del encuentro fue adverso para los dirigidos por&nbsp;Jorge Araujo, quienes se vieron sorprendidos por un penal a favor del conjunto visitante que termin\u00f3 en el primer gol del partido. La desventaja gener\u00f3 incertidumbre en las tribunas, m\u00e1s a\u00fan considerando el dif\u00edcil momento institucional que atraviesa el club crema.<\/p>\n\n\n\n<p>Sin embargo, el punto de quiebre lleg\u00f3 con la expulsi\u00f3n de&nbsp;Lucas Guzm\u00e1n&nbsp;en Nacional, situaci\u00f3n que cambi\u00f3 el desarrollo del compromiso. A partir de ese momento, Universitario tom\u00f3 el control absoluto del juego, mostrando intensidad, presi\u00f3n alta y contundencia en ataque.<\/p>\n\n\n\n<p>La reacci\u00f3n crema se tradujo en goles.&nbsp;Fara,&nbsp;Alex Valera,&nbsp;Diego Alzugaray&nbsp;y&nbsp;Carabal\u00ed&nbsp;fueron los encargados de sellar la remontada y desatar la euforia en Ate, consolidando una victoria que devuelve la esperanza en el torneo continental.<\/p>\n\n\n\n<p>Con este resultado, Universitario iguala en puntaje a sus rivales del grupo y se mete nuevamente en la pelea por la clasificaci\u00f3n a la siguiente fase. M\u00e1s all\u00e1 del marcador, el triunfo representa un impulso an\u00edmico fundamental para un equipo que necesitaba reencontrarse con su mejor versi\u00f3n.<\/p>\n\n\n\n<p>La Libertadores vuelve a encender la ilusi\u00f3n crema. Y en el Monumental, la \u201cU\u201d demostr\u00f3 que a\u00fan tiene mucho por decir.<\/p>\n","protected":false},"excerpt":{"rendered":"<p>El cuadro crema dej\u00f3 atr\u00e1s la crisis institucional y firm\u00f3 una remontada clave en el Estadio Monumental por la fecha 3 del Grupo B. En una noche de car\u00e1cter y f\u00fatbol ofensivo,&nbsp;Universitario de Deportes&nbsp;derrot\u00f3 por 4-2 a&nbsp;Nacional&nbsp;en el estadio&nbsp;Estadio Monumental, resultado que le permite seguir con vida en el Grupo B de la&nbsp;Copa Libertadores 2026. [&hellip;]<\/p>\n","protected":false},"author":1,"featured_media":4208,"comment_status":"open","ping_status":"open","sticky":false,"template":"","format":"standard","meta":{"footnotes":""},"categories":[7,5],"tags":[],"class_list":["post-4207","post","type-post","status-publish","format-standard","has-post-thumbnail","hentry","category-deporte","category-ultimas-noticias"],"_links":{"self":[{"href":"https:\/\/diariolademocracia.com\/index.php?rest_route=\/wp\/v2\/posts\/4207","targetHints":{"allow":["GET"]}}],"collection":[{"href":"https:\/\/diariolademocracia.com\/index.php?rest_route=\/wp\/v2\/posts"}],"about":[{"href":"https:\/\/diariolademocracia.com\/index.php?rest_route=\/wp\/v2\/types\/post"}],"author":[{"embeddable":true,"href":"https:\/\/diariolademocracia.com\/index.php?rest_route=\/wp\/v2\/users\/1"}],"replies":[{"embeddable":true,"href":"https:\/\/diariolademocracia.com\/index.php?rest_route=%2Fwp%2Fv2%2Fcomments&post=4207"}],"version-history":[{"count":1,"href":"https:\/\/diariolademocracia.com\/index.php?rest_route=\/wp\/v2\/posts\/4207\/revisions"}],"predecessor-version":[{"id":4209,"href":"https:\/\/diariolademocracia.com\/index.php?rest_route=\/wp\/v2\/posts\/4207\/revisions\/4209"}],"wp:featuredmedia":[{"embeddable":true,"href":"https:\/\/diariolademocracia.com\/index.php?rest_route=\/wp\/v2\/media\/4208"}],"wp:attachment":[{"href":"https:\/\/diariolademocracia.com\/index.php?rest_route=%2Fwp%2Fv2%2Fmedia&parent=4207"}],"wp:term":[{"taxonomy":"category","embeddable":true,"href":"https:\/\/diariolademocracia.com\/index.php?rest_route=%2Fwp%2Fv2%2Fcategories&post=4207"},{"taxonomy":"post_tag","embeddable":true,"href":"https:\/\/diariolademocracia.com\/index.php?rest_route=%2Fwp%2Fv2%2Ftags&post=4207"}],"curies":[{"name":"wp","href":"https:\/\/api.w.org\/{rel}","templated":true}]}}