{"id":4210,"date":"2026-04-30T17:54:45","date_gmt":"2026-04-30T15:54:45","guid":{"rendered":"https:\/\/diariolademocracia.com\/?p=4210"},"modified":"2026-04-30T17:54:46","modified_gmt":"2026-04-30T15:54:46","slug":"crisis-de-confianza-tras-elecciones-2026-investigacion-a-piero-corvetto-agrava-denuncias-e-indignacion-ciudadana","status":"publish","type":"post","link":"https:\/\/diariolademocracia.com\/?p=4210","title":{"rendered":"Crisis de confianza tras elecciones 2026: investigaci\u00f3n a Piero Corvetto agrava denuncias e indignaci\u00f3n ciudadana"},"content":{"rendered":"\n<p><em>Fallas log\u00edsticas, cuestionamientos en contrataciones y decisiones judiciales reavivan el debate sobre la transparencia del proceso electoral en el Per\u00fa.<\/em><\/p>\n\n\n\n<p>Las Elecciones Generales 2026 en el&nbsp;Per\u00fa&nbsp;contin\u00faan generando controversia y un profundo malestar en la opini\u00f3n p\u00fablica. Lo que deb\u00eda ser una jornada democr\u00e1tica ha derivado en una crisis de confianza institucional, alimentada por denuncias de irregularidades, fallas en el material electoral y cuestionamientos al rol de las autoridades encargadas del proceso.<\/p>\n\n\n\n<p>En el centro de la pol\u00e9mica se encuentra&nbsp;Piero Corvetto, exjefe de la&nbsp;Oficina Nacional de Procesos Electorales, quien es investigado por el Ministerio P\u00fablico por presuntos delitos de colusi\u00f3n agravada y omisi\u00f3n de funciones. La Fiscal\u00eda sostiene que durante su gesti\u00f3n se habr\u00edan producido irregularidades en la contrataci\u00f3n de servicios clave para el traslado de material electoral, lo que habr\u00eda favorecido a la empresa&nbsp;Galaga SAC.<\/p>\n\n\n\n<p>Seg\u00fan la hip\u00f3tesis fiscal, estas contrataciones se realizaron bajo lineamientos excepcionales amparados en la Ley de Presupuesto P\u00fablico 2026, lo que permiti\u00f3 modificar t\u00e9rminos de referencia en procesos sensibles. Asimismo, se cuestiona la designaci\u00f3n de funcionarios que no habr\u00edan cumplido con los requisitos exigidos, lo que habr\u00eda debilitado la capacidad operativa del sistema electoral.<\/p>\n\n\n\n<p>Uno de los puntos m\u00e1s cr\u00edticos fue la instalaci\u00f3n tard\u00eda de mesas de sufragio el pasado 12 de abril, situaci\u00f3n que \u2014seg\u00fan el Ministerio P\u00fablico\u2014 impidi\u00f3 que alrededor de 53 mil ciudadanos ejercieran su derecho al voto. Este hecho ha sido uno de los principales detonantes del descontento social.<\/p>\n\n\n\n<p>En medio de este escenario, Corvetto adopt\u00f3 una decisi\u00f3n que ha generado diversas reacciones: allanarse al pedido de impedimento de salida del pa\u00eds por 18 meses solicitado por la Fiscal\u00eda. Su defensa, encabezada por&nbsp;Julio Arbizu, confirm\u00f3 que no se opondr\u00e1n a la medida ante el Poder Judicial, lo que ser\u00e1 evaluado en una audiencia programada para este 30 de abril.<\/p>\n\n\n\n<p>La situaci\u00f3n ha incrementado la percepci\u00f3n de desconfianza entre amplios sectores de la sociedad civil, donde incluso algunos grupos sostienen que el proceso electoral habr\u00eda estado direccionado para favorecer determinados intereses. Si bien estas afirmaciones no han sido probadas judicialmente, reflejan el nivel de cuestionamiento que atraviesa el sistema.<\/p>\n\n\n\n<p>Especialistas advierten que el da\u00f1o a la institucionalidad electoral es significativo y que ser\u00e1 necesario un proceso riguroso de investigaci\u00f3n para determinar responsabilidades. En tanto, ciudadanos y organizaciones sociales vienen exigiendo sanciones ejemplares para los implicados, as\u00ed como reformas urgentes que garanticen la transparencia de futuros procesos.<\/p>\n\n\n\n<p>El caso, ahora en manos del sistema judicial, no solo definir\u00e1 la situaci\u00f3n legal de los investigados, sino que tambi\u00e9n pondr\u00e1 a prueba la capacidad del Estado peruano para responder ante una de las crisis de confianza m\u00e1s severas de los \u00faltimos a\u00f1os.<\/p>\n\n\n\n<p>\u2709\ufe0f Alfredo Rosell G.<\/p>\n","protected":false},"excerpt":{"rendered":"<p>Fallas log\u00edsticas, cuestionamientos en contrataciones y decisiones judiciales reavivan el debate sobre la transparencia del proceso electoral en el Per\u00fa. Las Elecciones Generales 2026 en el&nbsp;Per\u00fa&nbsp;contin\u00faan generando controversia y un profundo malestar en la opini\u00f3n p\u00fablica. Lo que deb\u00eda ser una jornada democr\u00e1tica ha derivado en una crisis de confianza institucional, alimentada por denuncias de [&hellip;]<\/p>\n","protected":false},"author":1,"featured_media":4211,"comment_status":"open","ping_status":"open","sticky":false,"template":"","format":"standard","meta":{"footnotes":""},"categories":[2,5],"tags":[],"class_list":["post-4210","post","type-post","status-publish","format-standard","has-post-thumbnail","hentry","category-nacional","category-ultimas-noticias"],"_links":{"self":[{"href":"https:\/\/diariolademocracia.com\/index.php?rest_route=\/wp\/v2\/posts\/4210","targetHints":{"allow":["GET"]}}],"collection":[{"href":"https:\/\/diariolademocracia.com\/index.php?rest_route=\/wp\/v2\/posts"}],"about":[{"href":"https:\/\/diariolademocracia.com\/index.php?rest_route=\/wp\/v2\/types\/post"}],"author":[{"embeddable":true,"href":"https:\/\/diariolademocracia.com\/index.php?rest_route=\/wp\/v2\/users\/1"}],"replies":[{"embeddable":true,"href":"https:\/\/diariolademocracia.com\/index.php?rest_route=%2Fwp%2Fv2%2Fcomments&post=4210"}],"version-history":[{"count":1,"href":"https:\/\/diariolademocracia.com\/index.php?rest_route=\/wp\/v2\/posts\/4210\/revisions"}],"predecessor-version":[{"id":4212,"href":"https:\/\/diariolademocracia.com\/index.php?rest_route=\/wp\/v2\/posts\/4210\/revisions\/4212"}],"wp:featuredmedia":[{"embeddable":true,"href":"https:\/\/diariolademocracia.com\/index.php?rest_route=\/wp\/v2\/media\/4211"}],"wp:attachment":[{"href":"https:\/\/diariolademocracia.com\/index.php?rest_route=%2Fwp%2Fv2%2Fmedia&parent=4210"}],"wp:term":[{"taxonomy":"category","embeddable":true,"href":"https:\/\/diariolademocracia.com\/index.php?rest_route=%2Fwp%2Fv2%2Fcategories&post=4210"},{"taxonomy":"post_tag","embeddable":true,"href":"https:\/\/diariolademocracia.com\/index.php?rest_route=%2Fwp%2Fv2%2Ftags&post=4210"}],"curies":[{"name":"wp","href":"https:\/\/api.w.org\/{rel}","templated":true}]}}