{"id":4224,"date":"2026-05-01T18:48:00","date_gmt":"2026-05-01T16:48:00","guid":{"rendered":"https:\/\/diariolademocracia.com\/?p=4224"},"modified":"2026-05-01T18:48:01","modified_gmt":"2026-05-01T16:48:01","slug":"parque-de-las-leyendas-inicia-mayo-con-promocion-y-actividades-culturales-para-toda-la-familia","status":"publish","type":"post","link":"https:\/\/diariolademocracia.com\/?p=4224","title":{"rendered":"Parque de las Leyendas inicia mayo con promoci\u00f3n y actividades culturales para toda la familia"},"content":{"rendered":"\n<p><em>Por la redacci\u00f3n<\/em> \u2709\ufe0f Alfredo Rosell G.<\/p>\n\n\n\n<p>Lima.\u2014 El inicio de mayo llega con una atractiva propuesta recreativa en la capital peruana. El&nbsp;Parque de las Leyendasanunci\u00f3 una promoci\u00f3n especial dirigida a las familias: del 1 al 3 de mayo, los ni\u00f1os de 3 a 12 a\u00f1os podr\u00e1n ingresar con un 50% de descuento, en una iniciativa que busca fomentar la visita y el contacto con la naturaleza y la cultura.<\/p>\n\n\n\n<p>La promoci\u00f3n estar\u00e1 disponible tanto en la modalidad virtual como en boleter\u00edas f\u00edsicas, facilitando el acceso a uno de los espacios recreativos y educativos m\u00e1s importantes de Lima. Esta medida coincide con el feriado por el&nbsp;D\u00eda del Trabajo, lo que convierte la propuesta en una alternativa ideal para quienes buscan actividades familiares durante el fin de semana largo.<\/p>\n\n\n\n<p>Adem\u00e1s de la tarifa promocional, el parque ha preparado una agenda cultural destacada. En la sede de San Miguel, el s\u00e1bado 2 de mayo se presentar\u00e1 el espect\u00e1culo&nbsp;<em>\u201cRa\u00edces de mi Tierra\u201d<\/em>, junto al elenco&nbsp;Qallariy Wayra, ofreciendo una experiencia art\u00edstica que revalora las tradiciones y la identidad nacional.<\/p>\n\n\n\n<p>Los visitantes tambi\u00e9n podr\u00e1n recorrer las emblem\u00e1ticas zonas tem\u00e1ticas del parque: Costa, Sierra, Selva e Internacional, donde se exhibe una variada colecci\u00f3n de fauna y flora representativa. A ello se suman amplias \u00e1reas verdes, ideales para el esparcimiento, as\u00ed como actividades recreativas como la navegaci\u00f3n en la laguna y paseos en kayak.<\/p>\n\n\n\n<p>Con esta iniciativa, el Parque de las Leyendas reafirma su rol como un espacio integral que combina educaci\u00f3n, cultura y entretenimiento, promoviendo no solo el turismo interno, sino tambi\u00e9n la conciencia ambiental y el valor del patrimonio natural del pa\u00eds.<\/p>\n\n\n\n<p>La invitaci\u00f3n est\u00e1 abierta: una oportunidad accesible para disfrutar en familia y redescubrir uno de los principales pulmones verdes de la ciudad.<\/p>\n","protected":false},"excerpt":{"rendered":"<p>Por la redacci\u00f3n \u2709\ufe0f Alfredo Rosell G. Lima.\u2014 El inicio de mayo llega con una atractiva propuesta recreativa en la capital peruana. El&nbsp;Parque de las Leyendasanunci\u00f3 una promoci\u00f3n especial dirigida a las familias: del 1 al 3 de mayo, los ni\u00f1os de 3 a 12 a\u00f1os podr\u00e1n ingresar con un 50% de descuento, en una [&hellip;]<\/p>\n","protected":false},"author":1,"featured_media":4225,"comment_status":"open","ping_status":"open","sticky":false,"template":"","format":"standard","meta":{"footnotes":""},"categories":[10,5],"tags":[],"class_list":["post-4224","post","type-post","status-publish","format-standard","has-post-thumbnail","hentry","category-cultura","category-ultimas-noticias"],"_links":{"self":[{"href":"https:\/\/diariolademocracia.com\/index.php?rest_route=\/wp\/v2\/posts\/4224","targetHints":{"allow":["GET"]}}],"collection":[{"href":"https:\/\/diariolademocracia.com\/index.php?rest_route=\/wp\/v2\/posts"}],"about":[{"href":"https:\/\/diariolademocracia.com\/index.php?rest_route=\/wp\/v2\/types\/post"}],"author":[{"embeddable":true,"href":"https:\/\/diariolademocracia.com\/index.php?rest_route=\/wp\/v2\/users\/1"}],"replies":[{"embeddable":true,"href":"https:\/\/diariolademocracia.com\/index.php?rest_route=%2Fwp%2Fv2%2Fcomments&post=4224"}],"version-history":[{"count":1,"href":"https:\/\/diariolademocracia.com\/index.php?rest_route=\/wp\/v2\/posts\/4224\/revisions"}],"predecessor-version":[{"id":4226,"href":"https:\/\/diariolademocracia.com\/index.php?rest_route=\/wp\/v2\/posts\/4224\/revisions\/4226"}],"wp:featuredmedia":[{"embeddable":true,"href":"https:\/\/diariolademocracia.com\/index.php?rest_route=\/wp\/v2\/media\/4225"}],"wp:attachment":[{"href":"https:\/\/diariolademocracia.com\/index.php?rest_route=%2Fwp%2Fv2%2Fmedia&parent=4224"}],"wp:term":[{"taxonomy":"category","embeddable":true,"href":"https:\/\/diariolademocracia.com\/index.php?rest_route=%2Fwp%2Fv2%2Fcategories&post=4224"},{"taxonomy":"post_tag","embeddable":true,"href":"https:\/\/diariolademocracia.com\/index.php?rest_route=%2Fwp%2Fv2%2Ftags&post=4224"}],"curies":[{"name":"wp","href":"https:\/\/api.w.org\/{rel}","templated":true}]}}