{"id":4866,"date":"2026-09-01T02:01:55","date_gmt":"2026-09-01T00:01:55","guid":{"rendered":"https:\/\/diariolademocracia.com\/?p=4866"},"modified":"2026-09-01T02:01:56","modified_gmt":"2026-09-01T00:01:56","slug":"liberan-a-ciudadano-secuestrado-en-trujillo-y-capturan-a-presuntos-integrantes-de-los-pulpos","status":"publish","type":"post","link":"https:\/\/diariolademocracia.com\/?p=4866","title":{"rendered":"Liberan a ciudadano secuestrado en Trujillo y capturan a presuntos integrantes de \u2018Los Pulpos\u2019"},"content":{"rendered":"\n<p class=\"wp-block-paragraph\"><strong>Jens Lara Tantaquilla fue rescatado tras permanecer retenido desde la madrugada del domingo. La Polic\u00eda detuvo a cinco personas vinculadas presuntamente con el secuestro y con la estructura log\u00edstica de la organizaci\u00f3n criminal.<\/strong><\/p>\n\n\n\n<p class=\"wp-block-paragraph\"><strong>Trujillo.<\/strong>\u2014 La Polic\u00eda Nacional del Per\u00fa logr\u00f3 la liberaci\u00f3n de <strong>Jens Lara Tantaquilla<\/strong>, ciudadano que permanec\u00eda secuestrado desde la madrugada del \u00faltimo domingo en la ciudad de Trujillo. El operativo permiti\u00f3, adem\u00e1s, la captura de cinco personas que estar\u00edan vinculadas con el hecho y que son investigadas por su presunta participaci\u00f3n en la organizaci\u00f3n criminal conocida como <strong>\u2018Los Pulpos\u2019<\/strong>.<\/p>\n\n\n\n<p class=\"wp-block-paragraph\">El ministro de Defensa, <strong>Rafael Bela\u00fande<\/strong>, confirm\u00f3 el rescate y se\u00f1al\u00f3 que la ubicaci\u00f3n del ciudadano fue posible luego de una serie de diligencias y acciones de inteligencia desplegadas por la Polic\u00eda Nacional.<\/p>\n\n\n\n<p class=\"wp-block-paragraph\">Seg\u00fan inform\u00f3 el titular de Defensa, Lara Tantaquilla ya se encuentra junto a sus familiares, luego de las operaciones ejecutadas por las fuerzas del orden desde la ma\u00f1ana del lunes.<\/p>\n\n\n\n<p class=\"wp-block-paragraph\"><strong>Cinco detenidos durante el operativo<\/strong><\/p>\n\n\n\n<p class=\"wp-block-paragraph\">Como parte de la intervenci\u00f3n, los agentes policiales detuvieron a <strong>cuatro ocupantes de la camioneta presuntamente utilizada durante el secuestro<\/strong>. Las autoridades los sindican preliminarmente como presuntos autores materiales del rapto.<\/p>\n\n\n\n<p class=\"wp-block-paragraph\">Entre los intervenidos se encontrar\u00eda el sujeto se\u00f1alado como responsable de haber disparado contra cuatro personas que acompa\u00f1aban a la v\u00edctima durante el ataque.<\/p>\n\n\n\n<p class=\"wp-block-paragraph\">Asimismo, fue detenido un presunto <strong>operador log\u00edstico de la organizaci\u00f3n<\/strong>, quien habr\u00eda tenido la funci\u00f3n de coordinar con integrantes de \u2018Los Pulpos\u2019 que se encontrar\u00edan fuera del territorio peruano para facilitar el ingreso y suministro de uniformes, armas y otros equipos utilizados por la estructura criminal.<\/p>\n\n\n\n<p class=\"wp-block-paragraph\">Las personas detenidas quedaron a disposici\u00f3n de las autoridades competentes, mientras contin\u00faan las investigaciones destinadas a determinar el nivel de responsabilidad de cada uno de los intervenidos.<\/p>\n\n\n\n<p class=\"wp-block-paragraph\"><strong>Gobierno anuncia continuidad de operativos contra el crimen<\/strong><\/p>\n\n\n\n<p class=\"wp-block-paragraph\">Durante sus declaraciones, el ministro Rafael Bela\u00fande tambi\u00e9n se refiri\u00f3 a las acciones que viene desarrollando el Gobierno frente al incremento de delitos como la <strong>extorsi\u00f3n, el sicariato y el secuestro<\/strong>.<\/p>\n\n\n\n<p class=\"wp-block-paragraph\">El titular de Defensa sostuvo que las fuerzas de seguridad continuar\u00e1n ejecutando operativos contra las organizaciones criminales que mantienen presencia en distintas regiones del pa\u00eds, con el objetivo de afectar sus estructuras y capacidades operativas.<\/p>\n\n\n\n<p class=\"wp-block-paragraph\">Bela\u00fande afirm\u00f3 que el prop\u00f3sito del Poder Ejecutivo es avanzar hacia la <strong>desarticulaci\u00f3n y erradicaci\u00f3n de estas organizaciones delictivas<\/strong>, buscando recuperar la seguridad en las zonas m\u00e1s golpeadas por la criminalidad.<\/p>\n\n\n\n<p class=\"wp-block-paragraph\">El rescate de Jens Lara Tantaquilla representa una nueva intervenci\u00f3n de las fuerzas del orden en Trujillo, una ciudad que enfrenta desde hace varios a\u00f1os el accionar de organizaciones dedicadas presuntamente a delitos como extorsi\u00f3n, sicariato y secuestro.<\/p>\n\n\n\n<p class=\"wp-block-paragraph\"><strong>Alfredo Rosel<\/strong>l G .<br><em>Periodista<\/em><\/p>\n\n\n\n<p class=\"wp-block-paragraph\"><\/p>\n","protected":false},"excerpt":{"rendered":"<p>Jens Lara Tantaquilla fue rescatado tras permanecer retenido desde la madrugada del domingo. La Polic\u00eda detuvo a cinco personas vinculadas presuntamente con el secuestro y con la estructura log\u00edstica de la organizaci\u00f3n criminal. Trujillo.\u2014 La Polic\u00eda Nacional del Per\u00fa logr\u00f3 la liberaci\u00f3n de Jens Lara Tantaquilla, ciudadano que permanec\u00eda secuestrado desde la madrugada del \u00faltimo [&hellip;]<\/p>\n","protected":false},"author":1,"featured_media":4867,"comment_status":"open","ping_status":"open","sticky":false,"template":"","format":"standard","meta":{"footnotes":""},"categories":[1,5],"tags":[],"class_list":["post-4866","post","type-post","status-publish","format-standard","has-post-thumbnail","hentry","category-policial","category-ultimas-noticias"],"_links":{"self":[{"href":"https:\/\/diariolademocracia.com\/index.php?rest_route=\/wp\/v2\/posts\/4866","targetHints":{"allow":["GET"]}}],"collection":[{"href":"https:\/\/diariolademocracia.com\/index.php?rest_route=\/wp\/v2\/posts"}],"about":[{"href":"https:\/\/diariolademocracia.com\/index.php?rest_route=\/wp\/v2\/types\/post"}],"author":[{"embeddable":true,"href":"https:\/\/diariolademocracia.com\/index.php?rest_route=\/wp\/v2\/users\/1"}],"replies":[{"embeddable":true,"href":"https:\/\/diariolademocracia.com\/index.php?rest_route=%2Fwp%2Fv2%2Fcomments&post=4866"}],"version-history":[{"count":1,"href":"https:\/\/diariolademocracia.com\/index.php?rest_route=\/wp\/v2\/posts\/4866\/revisions"}],"predecessor-version":[{"id":4868,"href":"https:\/\/diariolademocracia.com\/index.php?rest_route=\/wp\/v2\/posts\/4866\/revisions\/4868"}],"wp:featuredmedia":[{"embeddable":true,"href":"https:\/\/diariolademocracia.com\/index.php?rest_route=\/wp\/v2\/media\/4867"}],"wp:attachment":[{"href":"https:\/\/diariolademocracia.com\/index.php?rest_route=%2Fwp%2Fv2%2Fmedia&parent=4866"}],"wp:term":[{"taxonomy":"category","embeddable":true,"href":"https:\/\/diariolademocracia.com\/index.php?rest_route=%2Fwp%2Fv2%2Fcategories&post=4866"},{"taxonomy":"post_tag","embeddable":true,"href":"https:\/\/diariolademocracia.com\/index.php?rest_route=%2Fwp%2Fv2%2Ftags&post=4866"}],"curies":[{"name":"wp","href":"https:\/\/api.w.org\/{rel}","templated":true}]}}