{"id":4869,"date":"2026-09-01T02:37:05","date_gmt":"2026-09-01T00:37:05","guid":{"rendered":"https:\/\/diariolademocracia.com\/?p=4869"},"modified":"2026-09-01T02:37:06","modified_gmt":"2026-09-01T00:37:06","slug":"peru-y-estados-unidos-fortalecen-su-alianza-estrategica-con-nuevo-consejo-espacial-bilateral","status":"publish","type":"post","link":"https:\/\/diariolademocracia.com\/?p=4869","title":{"rendered":"Per\u00fa y Estados Unidos fortalecen su alianza estrat\u00e9gica con nuevo Consejo Espacial Bilateral"},"content":{"rendered":"\n<p class=\"wp-block-paragraph\"><strong>Iniciativa busca unir al Estado, empresas y universidades de ambos pa\u00edses para desarrollar ciencia, tecnolog\u00eda e industria espacial, con aplicaciones concretas en agricultura, prevenci\u00f3n de desastres, seguridad ambiental y lucha contra los cultivos il\u00edcitos.<\/strong><\/p>\n\n\n\n<p class=\"wp-block-paragraph\"><strong>Por Alfredo Rosell G. | Periodista<\/strong><\/p>\n\n\n\n<p class=\"wp-block-paragraph\"><strong>Lima.\u2014<\/strong> Per\u00fa y Estados Unidos dieron un nuevo paso en el fortalecimiento de sus relaciones bilaterales con el lanzamiento del <strong>Consejo Espacial Bilateral<\/strong>, una iniciativa que busca convertir la cooperaci\u00f3n espacial en una herramienta estrat\u00e9gica para el desarrollo cient\u00edfico, tecnol\u00f3gico y econ\u00f3mico del pa\u00eds.<\/p>\n\n\n\n<p class=\"wp-block-paragraph\">El nuevo mecanismo de cooperaci\u00f3n tiene como prop\u00f3sito articular a representantes de los sectores <strong>p\u00fablico, privado y acad\u00e9mico<\/strong> de ambas naciones, promoviendo proyectos conjuntos, intercambio de conocimientos, formaci\u00f3n especializada y desarrollo de capacidades vinculadas con las ciencias y tecnolog\u00edas espaciales.<\/p>\n\n\n\n<p class=\"wp-block-paragraph\">La ceremonia de lanzamiento fue presidida por el canciller <strong>Carlos Esp\u00e1<\/strong> y el embajador de Estados Unidos en Lima, <strong>Bernie Navarro<\/strong>, con la participaci\u00f3n del jefe institucional de la Agencia Espacial del Per\u00fa, mayor general FAP <strong>Roberto Melgar<\/strong>; la viceministra de Gesti\u00f3n Pedag\u00f3gica, <strong>Miriam Ponce<\/strong>; la presidenta de la Universidad Internacional de Florida, <strong>Jeannette N\u00fa\u00f1ez<\/strong>; representantes de la Comisi\u00f3n Fulbright y miembros de la comunidad acad\u00e9mica peruana.<\/p>\n\n\n\n<p class=\"wp-block-paragraph\"><strong>El espacio como herramienta para el desarrollo nacional<\/strong><\/p>\n\n\n\n<p class=\"wp-block-paragraph\">Durante su intervenci\u00f3n, el canciller Esp\u00e1 destac\u00f3 el compromiso del Per\u00fa con la <strong>exploraci\u00f3n y utilizaci\u00f3n pac\u00edfica del espacio<\/strong>, subrayando que la cooperaci\u00f3n internacional puede contribuir significativamente a fortalecer las capacidades nacionales.<\/p>\n\n\n\n<p class=\"wp-block-paragraph\">La tecnolog\u00eda espacial ya no constituye \u00fanicamente un campo reservado a las grandes potencias. El acceso a informaci\u00f3n satelital, sistemas de observaci\u00f3n terrestre, comunicaciones y herramientas de an\u00e1lisis geoespacial puede convertirse en un instrumento fundamental para enfrentar problemas concretos del territorio peruano.<\/p>\n\n\n\n<p class=\"wp-block-paragraph\">En ese sentido, la cooperaci\u00f3n con Estados Unidos podr\u00eda generar aplicaciones en \u00e1reas como la <strong>gesti\u00f3n y prevenci\u00f3n de desastres naturales, agricultura, monitoreo ambiental, lucha contra los cultivos il\u00edcitos y reducci\u00f3n de la deforestaci\u00f3n<\/strong>.<\/p>\n\n\n\n<p class=\"wp-block-paragraph\">Para un pa\u00eds como el Per\u00fa, caracterizado por una geograf\u00eda diversa y expuesto a fen\u00f3menos naturales, contar con mejores capacidades de observaci\u00f3n y an\u00e1lisis desde el espacio puede contribuir a anticipar riesgos, mejorar la planificaci\u00f3n territorial y tomar decisiones p\u00fablicas con informaci\u00f3n m\u00e1s precisa.<\/p>\n\n\n\n<p class=\"wp-block-paragraph\"><strong>Una oportunidad para la econom\u00eda peruana<\/strong><\/p>\n\n\n\n<p class=\"wp-block-paragraph\">El Consejo Espacial Bilateral tambi\u00e9n abre una dimensi\u00f3n que trasciende la cooperaci\u00f3n cient\u00edfica: <strong>la posibilidad de impulsar una nueva agenda de diplomacia econ\u00f3mica entre Per\u00fa y Estados Unidos<\/strong>.<\/p>\n\n\n\n<p class=\"wp-block-paragraph\">La participaci\u00f3n del sector privado y de las universidades resulta especialmente relevante. Una mayor cooperaci\u00f3n podr\u00eda favorecer la llegada de inversiones, la transferencia tecnol\u00f3gica, la creaci\u00f3n de empresas vinculadas a servicios espaciales y el desarrollo de profesionales especializados.<\/p>\n\n\n\n<p class=\"wp-block-paragraph\">El desaf\u00edo para el Per\u00fa ser\u00e1 convertir esta iniciativa en <strong>proyectos concretos y sostenibles<\/strong>, capaces de generar conocimiento, empleo de alta especializaci\u00f3n y nuevas oportunidades para las empresas nacionales.<\/p>\n\n\n\n<p class=\"wp-block-paragraph\">La industria espacial puede abarcar desde el desarrollo de software y an\u00e1lisis de im\u00e1genes satelitales hasta telecomunicaciones, agricultura de precisi\u00f3n, gesti\u00f3n de recursos naturales, sistemas de navegaci\u00f3n y soluciones tecnol\u00f3gicas para la prevenci\u00f3n de emergencias.<\/p>\n\n\n\n<p class=\"wp-block-paragraph\"><strong>Per\u00fa y Estados Unidos: una relaci\u00f3n con nuevas fronteras<\/strong><\/p>\n\n\n\n<p class=\"wp-block-paragraph\">El lanzamiento del Consejo Espacial Bilateral demuestra que la relaci\u00f3n entre Lima y Washington puede ampliar sus horizontes hacia sectores estrat\u00e9gicos de la econom\u00eda del conocimiento.<\/p>\n\n\n\n<p class=\"wp-block-paragraph\">Para el Estado peruano, fortalecer esta relaci\u00f3n debe significar <strong>cooperaci\u00f3n con resultados<\/strong>, acceso a tecnolog\u00eda, capacitaci\u00f3n de j\u00f3venes profesionales, promoci\u00f3n de inversiones y generaci\u00f3n de capacidades propias.<\/p>\n\n\n\n<p class=\"wp-block-paragraph\">El espacio representa, en ese sentido, una nueva frontera para la cooperaci\u00f3n internacional. Pero el verdadero objetivo no debe ser \u00fanicamente participar en proyectos espaciales, sino utilizar la ciencia y la tecnolog\u00eda para resolver problemas nacionales y construir nuevas oportunidades de desarrollo.<\/p>\n\n\n\n<p class=\"wp-block-paragraph\">Per\u00fa tiene la posibilidad de aprovechar sus v\u00ednculos con Estados Unidos para avanzar hacia una econom\u00eda m\u00e1s tecnol\u00f3gica, competitiva e integrada a las cadenas globales de innovaci\u00f3n.<\/p>\n\n\n\n<p class=\"wp-block-paragraph\">El reto ahora ser\u00e1 pasar de los acuerdos y las ceremonias a <strong>programas concretos que beneficien al ciudadano, fortalezcan al Estado y generen valor para la econom\u00eda peruana<\/strong>.<\/p>\n\n\n\n<p class=\"wp-block-paragraph\"><strong>Alfredo Rossel G.<\/strong><br><em>Periodista<\/em><br><strong>Diario La Democracia<\/strong><\/p>\n\n\n\n<p class=\"wp-block-paragraph\"> <\/p>\n","protected":false},"excerpt":{"rendered":"<p>Iniciativa busca unir al Estado, empresas y universidades de ambos pa\u00edses para desarrollar ciencia, tecnolog\u00eda e industria espacial, con aplicaciones concretas en agricultura, prevenci\u00f3n de desastres, seguridad ambiental y lucha contra los cultivos il\u00edcitos. Por Alfredo Rosell G. | Periodista Lima.\u2014 Per\u00fa y Estados Unidos dieron un nuevo paso en el fortalecimiento de sus relaciones [&hellip;]<\/p>\n","protected":false},"author":1,"featured_media":4870,"comment_status":"open","ping_status":"open","sticky":false,"template":"","format":"standard","meta":{"footnotes":""},"categories":[11,5],"tags":[],"class_list":["post-4869","post","type-post","status-publish","format-standard","has-post-thumbnail","hentry","category-mundo","category-ultimas-noticias"],"_links":{"self":[{"href":"https:\/\/diariolademocracia.com\/index.php?rest_route=\/wp\/v2\/posts\/4869","targetHints":{"allow":["GET"]}}],"collection":[{"href":"https:\/\/diariolademocracia.com\/index.php?rest_route=\/wp\/v2\/posts"}],"about":[{"href":"https:\/\/diariolademocracia.com\/index.php?rest_route=\/wp\/v2\/types\/post"}],"author":[{"embeddable":true,"href":"https:\/\/diariolademocracia.com\/index.php?rest_route=\/wp\/v2\/users\/1"}],"replies":[{"embeddable":true,"href":"https:\/\/diariolademocracia.com\/index.php?rest_route=%2Fwp%2Fv2%2Fcomments&post=4869"}],"version-history":[{"count":1,"href":"https:\/\/diariolademocracia.com\/index.php?rest_route=\/wp\/v2\/posts\/4869\/revisions"}],"predecessor-version":[{"id":4871,"href":"https:\/\/diariolademocracia.com\/index.php?rest_route=\/wp\/v2\/posts\/4869\/revisions\/4871"}],"wp:featuredmedia":[{"embeddable":true,"href":"https:\/\/diariolademocracia.com\/index.php?rest_route=\/wp\/v2\/media\/4870"}],"wp:attachment":[{"href":"https:\/\/diariolademocracia.com\/index.php?rest_route=%2Fwp%2Fv2%2Fmedia&parent=4869"}],"wp:term":[{"taxonomy":"category","embeddable":true,"href":"https:\/\/diariolademocracia.com\/index.php?rest_route=%2Fwp%2Fv2%2Fcategories&post=4869"},{"taxonomy":"post_tag","embeddable":true,"href":"https:\/\/diariolademocracia.com\/index.php?rest_route=%2Fwp%2Fv2%2Ftags&post=4869"}],"curies":[{"name":"wp","href":"https:\/\/api.w.org\/{rel}","templated":true}]}}