{"id":4872,"date":"2026-09-01T03:02:05","date_gmt":"2026-09-01T01:02:05","guid":{"rendered":"https:\/\/diariolademocracia.com\/?p=4872"},"modified":"2026-09-01T03:02:06","modified_gmt":"2026-09-01T01:02:06","slug":"%f0%9f%87%a6%f0%9f%87%b7%e2%9a%bd-gracias-messi-el-futbol-argentino-te-dice-adios","status":"publish","type":"post","link":"https:\/\/diariolademocracia.com\/?p=4872","title":{"rendered":"\ud83c\udde6\ud83c\uddf7\u26bd GRACIAS, MESSI: EL F\u00daTBOL ARGENTINO TE DICE ADI\u00d3S"},"content":{"rendered":"\n<p class=\"wp-block-paragraph\">Hay despedidas que duelen. Hay finales que nadie quiere aceptar. Y despu\u00e9s est\u00e1 esta: <strong>la despedida de Lionel Messi de la Selecci\u00f3n Argentina<\/strong>.<\/p>\n\n\n\n<p class=\"wp-block-paragraph\">El anuncio del capit\u00e1n, ese <strong>10 que durante tantos a\u00f1os llev\u00f3 sobre sus hombros los sue\u00f1os de millones<\/strong>, marca el cierre de una era inolvidable. Una era de l\u00e1grimas, de cr\u00edticas, de noches gloriosas, de derrotas que dolieron como pu\u00f1ales y, finalmente, de t\u00edtulos que hicieron explotar de felicidad a todo un pa\u00eds.<\/p>\n\n\n\n<p class=\"wp-block-paragraph\">Messi se va de la <strong>Albiceleste<\/strong>, pero no se va de la historia.<\/p>\n\n\n\n<p class=\"wp-block-paragraph\">Se queda para siempre.<\/p>\n\n\n\n<p class=\"wp-block-paragraph\">Se queda en aquel Mundial que parec\u00eda imposible y que termin\u00f3 levantando en Qatar. Se queda en las <strong>Copas Am\u00e9rica<\/strong>, en la Finalissima, en cada gol, en cada asistencia, en cada gambeta y en cada vez que tom\u00f3 la pelota cuando el partido quemaba.<\/p>\n\n\n\n<p class=\"wp-block-paragraph\">Pero, sobre todo, se queda en el coraz\u00f3n de la gente.<\/p>\n\n\n\n<p class=\"wp-block-paragraph\">Porque Messi no fue solamente un futbolista extraordinario. <strong>Fue un ejemplo.<\/strong><\/p>\n\n\n\n<p class=\"wp-block-paragraph\">Un ejemplo de profesionalismo, de perseverancia y de humildad. Un jugador que soport\u00f3 cr\u00edticas feroces, que conoci\u00f3 la frustraci\u00f3n y que, lejos de bajar los brazos, volvi\u00f3 una y otra vez para intentarlo nuevamente.<\/p>\n\n\n\n<p class=\"wp-block-paragraph\">Y tambi\u00e9n fue un ejemplo fuera de la cancha: <strong>un padre de familia, un hombre reservado, dedicado a los suyos y siempre respetuoso de sus ra\u00edces.<\/strong><\/p>\n\n\n\n<p class=\"wp-block-paragraph\">Argentina lo vio crecer. Lo vio sufrir. Lo vio caer. Y tambi\u00e9n lo vio tocar el cielo.<\/p>\n\n\n\n<p class=\"wp-block-paragraph\">\u00bfCu\u00e1ntas veces escuchamos aquello de <em>\u201cMessi tiene que ganar algo con la Selecci\u00f3n\u201d<\/em>?<\/p>\n\n\n\n<p class=\"wp-block-paragraph\">Bueno\u2026 <strong>lo gan\u00f3 todo.<\/strong><\/p>\n\n\n\n<p class=\"wp-block-paragraph\">Y cuando m\u00e1s lo necesitaba su pa\u00eds, apareci\u00f3 el 10.<\/p>\n\n\n\n<p class=\"wp-block-paragraph\">Ahora llega el momento que nadie quer\u00eda imaginar.<\/p>\n\n\n\n<p class=\"wp-block-paragraph\">El momento de decirle adi\u00f3s.<\/p>\n\n\n\n<p class=\"wp-block-paragraph\"><strong>Gracias, Leo. Gracias por cada alegr\u00eda. Gracias por cada l\u00e1grima. Gracias por cada gol. Gracias por haber defendido esa camiseta como si fuera la \u00faltima camiseta del mundo.<\/strong><\/p>\n\n\n\n<p class=\"wp-block-paragraph\">Gracias por ense\u00f1arle a una generaci\u00f3n que los sue\u00f1os, por m\u00e1s imposibles que parezcan, se pueden alcanzar.<\/p>\n\n\n\n<p class=\"wp-block-paragraph\">Argentina te agradece, <strong>Lionel Andr\u00e9s Messi<\/strong>.<\/p>\n\n\n\n<p class=\"wp-block-paragraph\">El pibe de Rosario que conquist\u00f3 el mundo.<\/p>\n\n\n\n<p class=\"wp-block-paragraph\">El capit\u00e1n que levant\u00f3 la Copa del Mundo.<\/p>\n\n\n\n<p class=\"wp-block-paragraph\">El 10 que convirti\u00f3 la camiseta celeste y blanca en una extensi\u00f3n de su propia piel.<\/p>\n\n\n\n<p class=\"wp-block-paragraph\"><strong>Te vas de la Selecci\u00f3n, pero no te vas de nosotros.<\/strong><\/p>\n\n\n\n<p class=\"wp-block-paragraph\">Porque los grandes jugadores pasan.<\/p>\n\n\n\n<p class=\"wp-block-paragraph\"><strong>Las leyendas quedan.<\/strong><\/p>\n\n\n\n<p class=\"wp-block-paragraph\">Y vos, Leo\u2026<\/p>\n\n\n\n<p class=\"wp-block-paragraph\"><strong>vos ya sos eterno. \ud83c\udde6\ud83c\uddf7\ud83d\udc99\ud83e\udd0d<\/strong><\/p>\n\n\n\n<p class=\"wp-block-paragraph\"><strong>**GRACIAS, MESSI POR TODO.<\/strong><\/p>\n\n\n\n<p class=\"wp-block-paragraph\">ARGENTINA TE LO AGRADECE. \ud83c\udde6\ud83c\uddf7\ud83c\udfc6<br>EL FIN DE UNA ERA.** \ud83d\ude22\u26bd<\/p>\n\n\n\n<p class=\"wp-block-paragraph\">Por Alfredo Rosell G. | Periodista deportivo internacional <\/p>\n","protected":false},"excerpt":{"rendered":"<p>Hay despedidas que duelen. Hay finales que nadie quiere aceptar. Y despu\u00e9s est\u00e1 esta: la despedida de Lionel Messi de la Selecci\u00f3n Argentina. El anuncio del capit\u00e1n, ese 10 que durante tantos a\u00f1os llev\u00f3 sobre sus hombros los sue\u00f1os de millones, marca el cierre de una era inolvidable. Una era de l\u00e1grimas, de cr\u00edticas, de [&hellip;]<\/p>\n","protected":false},"author":1,"featured_media":0,"comment_status":"open","ping_status":"open","sticky":false,"template":"","format":"standard","meta":{"footnotes":""},"categories":[7,5],"tags":[],"class_list":["post-4872","post","type-post","status-publish","format-standard","hentry","category-deporte","category-ultimas-noticias"],"_links":{"self":[{"href":"https:\/\/diariolademocracia.com\/index.php?rest_route=\/wp\/v2\/posts\/4872","targetHints":{"allow":["GET"]}}],"collection":[{"href":"https:\/\/diariolademocracia.com\/index.php?rest_route=\/wp\/v2\/posts"}],"about":[{"href":"https:\/\/diariolademocracia.com\/index.php?rest_route=\/wp\/v2\/types\/post"}],"author":[{"embeddable":true,"href":"https:\/\/diariolademocracia.com\/index.php?rest_route=\/wp\/v2\/users\/1"}],"replies":[{"embeddable":true,"href":"https:\/\/diariolademocracia.com\/index.php?rest_route=%2Fwp%2Fv2%2Fcomments&post=4872"}],"version-history":[{"count":1,"href":"https:\/\/diariolademocracia.com\/index.php?rest_route=\/wp\/v2\/posts\/4872\/revisions"}],"predecessor-version":[{"id":4873,"href":"https:\/\/diariolademocracia.com\/index.php?rest_route=\/wp\/v2\/posts\/4872\/revisions\/4873"}],"wp:attachment":[{"href":"https:\/\/diariolademocracia.com\/index.php?rest_route=%2Fwp%2Fv2%2Fmedia&parent=4872"}],"wp:term":[{"taxonomy":"category","embeddable":true,"href":"https:\/\/diariolademocracia.com\/index.php?rest_route=%2Fwp%2Fv2%2Fcategories&post=4872"},{"taxonomy":"post_tag","embeddable":true,"href":"https:\/\/diariolademocracia.com\/index.php?rest_route=%2Fwp%2Fv2%2Ftags&post=4872"}],"curies":[{"name":"wp","href":"https:\/\/api.w.org\/{rel}","templated":true}]}}