{"id":4874,"date":"2026-09-01T04:44:57","date_gmt":"2026-09-01T02:44:57","guid":{"rendered":"https:\/\/diariolademocracia.com\/?p=4874"},"modified":"2026-09-01T04:44:58","modified_gmt":"2026-09-01T02:44:58","slug":"otan-refuerza-su-presencia-en-el-atlantico-norte-con-el-inicio-de-northern-viking-2026","status":"publish","type":"post","link":"https:\/\/diariolademocracia.com\/?p=4874","title":{"rendered":"OTAN refuerza su presencia en el Atl\u00e1ntico Norte con el inicio de Northern Viking 2026"},"content":{"rendered":"\n<p class=\"wp-block-paragraph\"><strong>Por Alfredo Rosell G. | Periodista Internacional<\/strong><\/p>\n\n\n\n<p class=\"wp-block-paragraph\"><strong>KEFLAV\u00cdK, ISLANDIA.<\/strong> \u2014 Las Fuerzas Armadas de Estados Unidos, la Guardia Costera de Islandia y tropas de pa\u00edses aliados de la OTAN iniciaron en Keflav\u00edk las maniobras t\u00e1cticas del operativo <strong>Northern Viking 2026<\/strong>, un ejercicio multinacional orientado a fortalecer la seguridad y la capacidad de respuesta conjunta en el Atl\u00e1ntico Norte y la regi\u00f3n \u00e1rtica.<\/p>\n\n\n\n<p class=\"wp-block-paragraph\">De acuerdo con informaci\u00f3n difundida por la <strong>Sexta Flota de la Marina de Estados Unidos<\/strong>, el despliegue contempla operaciones destinadas a resguardar rutas mar\u00edtimas consideradas estrat\u00e9gicas, mejorar la coordinaci\u00f3n entre las fuerzas participantes e incorporar nuevas tecnolog\u00edas aplicadas a la defensa y vigilancia.<\/p>\n\n\n\n<p class=\"wp-block-paragraph\">El ejercicio adquiere especial relevancia debido a la creciente importancia geoestrat\u00e9gica del \u00c1rtico y del Atl\u00e1ntico Norte. Estas zonas constituyen corredores fundamentales para la navegaci\u00f3n, el transporte y la conexi\u00f3n entre Am\u00e9rica del Norte y Europa, al tiempo que presentan nuevos desaf\u00edos relacionados con la seguridad mar\u00edtima y la respuesta ante posibles amenazas.<\/p>\n\n\n\n<p class=\"wp-block-paragraph\">Durante <strong>Northern Viking 2026<\/strong>, las fuerzas participantes buscan perfeccionar procedimientos operativos conjuntos, fortalecer la interoperabilidad de sus unidades y evaluar su capacidad para actuar de manera coordinada ante diferentes escenarios de seguridad.<\/p>\n\n\n\n<p class=\"wp-block-paragraph\">La participaci\u00f3n de efectivos estadounidenses, islandeses y de otros pa\u00edses aliados refleja, adem\u00e1s, el inter\u00e9s de la OTAN por mantener una capacidad de respuesta r\u00e1pida y coordinada en una regi\u00f3n considerada estrat\u00e9gica para la seguridad colectiva de la Alianza.<\/p>\n\n\n\n<p class=\"wp-block-paragraph\">M\u00e1s all\u00e1 de las maniobras militares, el operativo representa una oportunidad para poner a prueba sistemas de comunicaci\u00f3n, vigilancia y tecnolog\u00edas de defensa en condiciones propias del entorno del Atl\u00e1ntico Norte y del \u00c1rtico.<\/p>\n\n\n\n<p class=\"wp-block-paragraph\">Con <strong>Northern Viking 2026<\/strong>, los pa\u00edses participantes buscan enviar una se\u00f1al de preparaci\u00f3n y cooperaci\u00f3n, reforzando sus mecanismos de coordinaci\u00f3n frente a los desaf\u00edos que plantea el cambiante escenario de seguridad internacional.<\/p>\n\n\n\n<p class=\"wp-block-paragraph\"><strong>Alfredo Rosell G. | Periodista Internacional<\/strong><br><strong>Informaci\u00f3n para Diario La Democracia | Am\u00e9rica, Europa y Asia<\/strong><\/p>\n","protected":false},"excerpt":{"rendered":"<p>Por Alfredo Rosell G. | Periodista Internacional KEFLAV\u00cdK, ISLANDIA. \u2014 Las Fuerzas Armadas de Estados Unidos, la Guardia Costera de Islandia y tropas de pa\u00edses aliados de la OTAN iniciaron en Keflav\u00edk las maniobras t\u00e1cticas del operativo Northern Viking 2026, un ejercicio multinacional orientado a fortalecer la seguridad y la capacidad de respuesta conjunta en [&hellip;]<\/p>\n","protected":false},"author":1,"featured_media":4875,"comment_status":"open","ping_status":"open","sticky":false,"template":"","format":"standard","meta":{"footnotes":""},"categories":[11,5],"tags":[],"class_list":["post-4874","post","type-post","status-publish","format-standard","has-post-thumbnail","hentry","category-mundo","category-ultimas-noticias"],"_links":{"self":[{"href":"https:\/\/diariolademocracia.com\/index.php?rest_route=\/wp\/v2\/posts\/4874","targetHints":{"allow":["GET"]}}],"collection":[{"href":"https:\/\/diariolademocracia.com\/index.php?rest_route=\/wp\/v2\/posts"}],"about":[{"href":"https:\/\/diariolademocracia.com\/index.php?rest_route=\/wp\/v2\/types\/post"}],"author":[{"embeddable":true,"href":"https:\/\/diariolademocracia.com\/index.php?rest_route=\/wp\/v2\/users\/1"}],"replies":[{"embeddable":true,"href":"https:\/\/diariolademocracia.com\/index.php?rest_route=%2Fwp%2Fv2%2Fcomments&post=4874"}],"version-history":[{"count":1,"href":"https:\/\/diariolademocracia.com\/index.php?rest_route=\/wp\/v2\/posts\/4874\/revisions"}],"predecessor-version":[{"id":4876,"href":"https:\/\/diariolademocracia.com\/index.php?rest_route=\/wp\/v2\/posts\/4874\/revisions\/4876"}],"wp:featuredmedia":[{"embeddable":true,"href":"https:\/\/diariolademocracia.com\/index.php?rest_route=\/wp\/v2\/media\/4875"}],"wp:attachment":[{"href":"https:\/\/diariolademocracia.com\/index.php?rest_route=%2Fwp%2Fv2%2Fmedia&parent=4874"}],"wp:term":[{"taxonomy":"category","embeddable":true,"href":"https:\/\/diariolademocracia.com\/index.php?rest_route=%2Fwp%2Fv2%2Fcategories&post=4874"},{"taxonomy":"post_tag","embeddable":true,"href":"https:\/\/diariolademocracia.com\/index.php?rest_route=%2Fwp%2Fv2%2Ftags&post=4874"}],"curies":[{"name":"wp","href":"https:\/\/api.w.org\/{rel}","templated":true}]}}