{"id":4877,"date":"2026-09-02T19:42:46","date_gmt":"2026-09-02T17:42:46","guid":{"rendered":"https:\/\/diariolademocracia.com\/?p=4877"},"modified":"2026-09-02T19:42:47","modified_gmt":"2026-09-02T17:42:47","slug":"trujillo-entre-una-captura-relampago-y-las-preguntas-que-aun-no-tienen-respuesta","status":"publish","type":"post","link":"https:\/\/diariolademocracia.com\/?p=4877","title":{"rendered":"TRUJILLO: ENTRE UNA CAPTURA REL\u00c1MPAGO Y LAS PREGUNTAS QUE A\u00daN NO TIENEN RESPUESTA"},"content":{"rendered":"\n<p class=\"wp-block-paragraph\"><strong>Por Alfredo Rosell G.<\/strong><\/p>\n\n\n\n<p class=\"wp-block-paragraph\"><strong>Periodista de opini\u00f3n | Diario La Democracia<\/strong><\/p>\n\n\n\n<p class=\"wp-block-paragraph\">Hay victorias policiales que deber\u00edan generar alivio. Y hay victorias que, precisamente por la velocidad con la que ocurren, terminan generando m\u00e1s preguntas que respuestas.<\/p>\n\n\n\n<p class=\"wp-block-paragraph\">El caso del secuestro del empresario minero Jenss Lara Tantaquilla y el asesinato de cuatro de sus acompa\u00f1antes en Trujillo ha estremecido al pa\u00eds. La Polic\u00eda Nacional anunci\u00f3 la liberaci\u00f3n del empresario y la captura de cinco presuntos integrantes de la organizaci\u00f3n criminal \u201cLos Pulpos\u201d. Las autoridades presentaron el operativo como un golpe contundente contra el crimen organizado.&nbsp;<\/p>\n\n\n\n<p class=\"wp-block-paragraph\">Pero la opini\u00f3n p\u00fablica tiene derecho a preguntar.<\/p>\n\n\n\n<p class=\"wp-block-paragraph\">\u00bfPor qu\u00e9 esta vez la respuesta fue pr\u00e1cticamente rel\u00e1mpago, mientras otros pr\u00f3fugos y cabecillas vinculados al crimen organizado permanecieron durante a\u00f1os fuera del alcance de la justicia?<\/p>\n\n\n\n<p class=\"wp-block-paragraph\">Ah\u00ed aparece la comparaci\u00f3n inevitable con Vladimir Cerr\u00f3n Rojas , cuya persecuci\u00f3n prolongada ha alimentado durante a\u00f1os el debate ciudadano sobre la eficacia real de los mecanismos de inteligencia, investigaci\u00f3n y captura del Estado.<\/p>\n\n\n\n<p class=\"wp-block-paragraph\">No se trata de cuestionar por cuestionar. Tampoco de negar el m\u00e9rito de una operaci\u00f3n policial si las evidencias terminan confirm\u00e1ndola. Se trata de algo elemental en democracia: <strong>una captura no equivale autom\u00e1ticamente a una condena<\/strong>.<\/p>\n\n\n\n<p class=\"wp-block-paragraph\">Y precisamente por eso, cuanto m\u00e1s r\u00e1pida es una operaci\u00f3n, mayor debe ser la transparencia de la investigaci\u00f3n.<\/p>\n\n\n\n<p class=\"wp-block-paragraph\"><strong>LAS IM\u00c1GENES Y EL DETALLE QUE INCOMODA<\/strong><\/p>\n\n\n\n<p class=\"wp-block-paragraph\">El crimen fue ejecutado mediante una modalidad especialmente grave: sujetos armados utilizaron prendas y elementos similares a los empleados por unidades policiales para interceptar al empresario. La investigaci\u00f3n oficial ha planteado a \u201cLos Pulpos\u201d como una de las principales hip\u00f3tesis.&nbsp;<\/p>\n\n\n\n<p class=\"wp-block-paragraph\">Sin embargo, las im\u00e1genes difundidas y las posteriores detenciones han abierto un debate que no puede ser despachado con una sonrisa.<\/p>\n\n\n\n<p class=\"wp-block-paragraph\">Periodistas preguntaron al general PNP V\u00edctor Revoredo, director de Investigaci\u00f3n Criminal, por las diferencias f\u00edsicas y corporales que algunos observadores advierten entre los detenidos y las personas registradas en las im\u00e1genes del ataque.<\/p>\n\n\n\n<p class=\"wp-block-paragraph\">La respuesta sorprendi\u00f3:<\/p>\n\n\n\n<p class=\"wp-block-paragraph\"><strong>\u201c\u00a1Que viva el Per\u00fa!\u201d<\/strong><\/p>\n\n\n\n<p class=\"wp-block-paragraph\">Ante la insistencia period\u00edstica, Revoredo volvi\u00f3 a responder en t\u00e9rminos similares y se retir\u00f3 del lugar.&nbsp;<\/p>\n\n\n\n<p class=\"wp-block-paragraph\">\u00bfEs una respuesta suficiente ante un caso de esta magnitud?<\/p>\n\n\n\n<p class=\"wp-block-paragraph\">Evidentemente, no.<\/p>\n\n\n\n<p class=\"wp-block-paragraph\">Una investigaci\u00f3n criminal de esta naturaleza no necesita iron\u00edas. Necesita explicaciones, evidencia, peritajes, identificaci\u00f3n cient\u00edfica, reconstrucci\u00f3n de los hechos, an\u00e1lisis de c\u00e1maras, geolocalizaci\u00f3n, comunicaciones y una cadena probatoria que resista el escrutinio de fiscales, jueces, abogados, periodistas y ciudadanos.<\/p>\n\n\n\n<p class=\"wp-block-paragraph\"><strong>\u00bfCAPTURADOS O VERDADEROS AUTORES?<\/strong><\/p>\n\n\n\n<p class=\"wp-block-paragraph\">Aqu\u00ed est\u00e1 el punto central.<\/p>\n\n\n\n<p class=\"wp-block-paragraph\">Los cinco intervenidos son, hasta que exista una sentencia firme, <strong>presuntos responsables<\/strong>. No corresponde condenarlos p\u00fablicamente antes de que la Fiscal\u00eda y el Poder Judicial determinen su responsabilidad.<\/p>\n\n\n\n<p class=\"wp-block-paragraph\">Pero tampoco corresponde pedirle a la ciudadan\u00eda que cierre los ojos ante las dudas.<\/p>\n\n\n\n<p class=\"wp-block-paragraph\">Medios de comunicaci\u00f3n ya han recogido denuncias de familiares de algunos detenidos, quienes sostienen que existen irregularidades en las intervenciones y cuestionan la versi\u00f3n policial.&nbsp;<\/p>\n\n\n\n<p class=\"wp-block-paragraph\">Eso debe investigarse.<\/p>\n\n\n\n<p class=\"wp-block-paragraph\">Si las pruebas demuestran que los detenidos participaron en el crimen, la Polic\u00eda habr\u00e1 dado un golpe importante contra una organizaci\u00f3n criminal.<\/p>\n\n\n\n<p class=\"wp-block-paragraph\">Pero si alguno de ellos resulta ser ajeno a los hechos, la situaci\u00f3n ser\u00eda grav\u00edsima: no solamente estar\u00eda en juego la libertad de una persona inocente, sino tambi\u00e9n la credibilidad de toda una instituci\u00f3n.<\/p>\n\n\n\n<p class=\"wp-block-paragraph\"><strong>LA HIP\u00d3TESIS QUE NADIE DEBE DESCARTAR SIN INVESTIGAR<\/strong><\/p>\n\n\n\n<p class=\"wp-block-paragraph\">Hay otro elemento particularmente delicado.<\/p>\n\n\n\n<p class=\"wp-block-paragraph\">Si los delincuentes utilizaron uniformes, procedimientos o una apariencia asociada a fuerzas policiales, resulta razonable investigar \u2014sin convertir la sospecha en acusaci\u00f3n\u2014 si existi\u00f3 participaci\u00f3n, colaboraci\u00f3n, informaci\u00f3n privilegiada o infiltraci\u00f3n de alg\u00fan efectivo policial o militar.<\/p>\n\n\n\n<p class=\"wp-block-paragraph\">El propio general Revoredo ha se\u00f1alado que no se descarta la posibilidad de participaci\u00f3n de agentes policiales y que la instituci\u00f3n no encubrir\u00eda a ning\u00fan efectivo que resulte comprometido.&nbsp;<\/p>\n\n\n\n<p class=\"wp-block-paragraph\">Eso es precisamente lo que debe ocurrir.<\/p>\n\n\n\n<p class=\"wp-block-paragraph\">Investigar a todos.<\/p>\n\n\n\n<p class=\"wp-block-paragraph\">Sin uniformes.<\/p>\n\n\n\n<p class=\"wp-block-paragraph\">Sin rangos.<\/p>\n\n\n\n<p class=\"wp-block-paragraph\">Sin apellidos.<\/p>\n\n\n\n<p class=\"wp-block-paragraph\">Sin privilegios.<\/p>\n\n\n\n<p class=\"wp-block-paragraph\">Porque si un polic\u00eda estuviera involucrado, la respuesta no puede ser proteger a la instituci\u00f3n. La verdadera forma de proteger a la Polic\u00eda Nacional es separar al delincuente de la instituci\u00f3n y entregarlo a la justicia.<\/p>\n\n\n\n<p class=\"wp-block-paragraph\"><strong>EL SHOW MEDI\u00c1TICO NO PUEDE REEMPLAZAR A LA EVIDENCIA<\/strong><\/p>\n\n\n\n<p class=\"wp-block-paragraph\">La ciudadan\u00eda est\u00e1 cansada de conferencias de prensa, fotograf\u00edas de detenidos, armas exhibidas y grandes titulares que posteriormente terminan debilit\u00e1ndose en los tribunales.<\/p>\n\n\n\n<p class=\"wp-block-paragraph\">La lucha contra el crimen no se gana frente a una c\u00e1mara de televisi\u00f3n.<\/p>\n\n\n\n<p class=\"wp-block-paragraph\">Se gana en la investigaci\u00f3n.<\/p>\n\n\n\n<p class=\"wp-block-paragraph\">Se gana con inteligencia.<\/p>\n\n\n\n<p class=\"wp-block-paragraph\">Se gana con pruebas.<\/p>\n\n\n\n<p class=\"wp-block-paragraph\">Se gana con fiscales que puedan sostener las acusaciones y jueces que puedan condenar cuando corresponda.<\/p>\n\n\n\n<p class=\"wp-block-paragraph\">Por eso, si la Polic\u00eda asegura que captur\u00f3 a los responsables del cu\u00e1druple crimen y del secuestro, corresponde que presente progresivamente las evidencias que sustentan esa afirmaci\u00f3n.<\/p>\n\n\n\n<p class=\"wp-block-paragraph\">No basta con decir que son integrantes de \u201cLos Pulpos\u201d.<\/p>\n\n\n\n<p class=\"wp-block-paragraph\">Hay que demostrar qu\u00e9 hizo cada uno.<\/p>\n\n\n\n<p class=\"wp-block-paragraph\">Qui\u00e9n dispar\u00f3.<\/p>\n\n\n\n<p class=\"wp-block-paragraph\">Qui\u00e9n condujo.<\/p>\n\n\n\n<p class=\"wp-block-paragraph\">Qui\u00e9n proporcion\u00f3 los uniformes.<\/p>\n\n\n\n<p class=\"wp-block-paragraph\">Qui\u00e9n coordin\u00f3.<\/p>\n\n\n\n<p class=\"wp-block-paragraph\">Qui\u00e9n orden\u00f3.<\/p>\n\n\n\n<p class=\"wp-block-paragraph\">Qui\u00e9n secuestr\u00f3.<\/p>\n\n\n\n<p class=\"wp-block-paragraph\">Qui\u00e9n asesin\u00f3.<\/p>\n\n\n\n<p class=\"wp-block-paragraph\">Y, sobre todo, cu\u00e1l es la evidencia objetiva que coloca a cada detenido en la escena y dentro de la estructura criminal.<\/p>\n\n\n\n<p class=\"wp-block-paragraph\"><strong>LA CIUDADAN\u00cdA MERECE RESPUESTAS, NO BURLAS<\/strong><\/p>\n\n\n\n<p class=\"wp-block-paragraph\">Trujillo no necesita una Polic\u00eda que se sienta ofendida porque la prensa pregunta.<\/p>\n\n\n\n<p class=\"wp-block-paragraph\">Necesita una Polic\u00eda que comprenda que, en una democracia, las preguntas inc\u00f3modas forman parte de su trabajo cotidiano.<\/p>\n\n\n\n<p class=\"wp-block-paragraph\">El general V\u00edctor Revoredo tiene una responsabilidad enorme. Su investidura exige respuestas serias, especialmente cuando existen dudas sobre la identidad de los detenidos.<\/p>\n\n\n\n<p class=\"wp-block-paragraph\">Decir \u201c\u00a1Que viva el Per\u00fa!\u201d puede ser una expresi\u00f3n patri\u00f3tica v\u00e1lida en cualquier escenario. Pero ante preguntas concretas sobre una investigaci\u00f3n criminal, la ciudadan\u00eda espera algo diferente:<\/p>\n\n\n\n<p class=\"wp-block-paragraph\"><strong>\u201cAqu\u00ed est\u00e1n las pruebas.\u201d<\/strong><\/p>\n\n\n\n<p class=\"wp-block-paragraph\">Ese deber\u00eda ser el mensaje.<\/p>\n\n\n\n<p class=\"wp-block-paragraph\">Porque entre una captura rel\u00e1mpago y una condena existe un largo camino.<\/p>\n\n\n\n<p class=\"wp-block-paragraph\">Y ese camino se llama <strong>evidencia<\/strong>.<\/p>\n\n\n\n<p class=\"wp-block-paragraph\">La Polic\u00eda merece reconocimiento cuando hace bien su trabajo. Pero tambi\u00e9n merece escrutinio cuando existen dudas.<\/p>\n\n\n\n<p class=\"wp-block-paragraph\">No se trata de destruir la imagen de la instituci\u00f3n.<\/p>\n\n\n\n<p class=\"wp-block-paragraph\">Todo lo contrario.<\/p>\n\n\n\n<p class=\"wp-block-paragraph\">Se trata de impedir que un eventual error, una precipitaci\u00f3n o un espect\u00e1culo medi\u00e1tico termine da\u00f1ando a\u00fan m\u00e1s la confianza que los ciudadanos tienen \u2014o deber\u00edan tener\u2014 en quienes est\u00e1n encargados de protegerlos.<\/p>\n\n\n\n<p class=\"wp-block-paragraph\">En Trujillo, cuatro personas fueron asesinadas y un empresario fue secuestrado.<\/p>\n\n\n\n<p class=\"wp-block-paragraph\">Eso no es un espect\u00e1culo.<\/p>\n\n\n\n<p class=\"wp-block-paragraph\">Es un crimen.<\/p>\n\n\n\n<p class=\"wp-block-paragraph\">Y frente a un crimen de esta magnitud, <strong>la verdad no puede ser una cuesti\u00f3n de conferencias de prensa. Tiene que ser una cuesti\u00f3n de pruebas.<\/strong><\/p>\n\n\n\n<p class=\"wp-block-paragraph\"><strong>Alfredo Rosell G.<\/strong><br><em>Periodista de opini\u00f3n<\/em><br><strong>Diario La Democracia<\/strong><\/p>\n","protected":false},"excerpt":{"rendered":"<p>Por Alfredo Rosell G. Periodista de opini\u00f3n | Diario La Democracia Hay victorias policiales que deber\u00edan generar alivio. Y hay victorias que, precisamente por la velocidad con la que ocurren, terminan generando m\u00e1s preguntas que respuestas. El caso del secuestro del empresario minero Jenss Lara Tantaquilla y el asesinato de cuatro de sus acompa\u00f1antes en [&hellip;]<\/p>\n","protected":false},"author":1,"featured_media":4878,"comment_status":"open","ping_status":"open","sticky":false,"template":"","format":"standard","meta":{"footnotes":""},"categories":[2,1,5],"tags":[],"class_list":["post-4877","post","type-post","status-publish","format-standard","has-post-thumbnail","hentry","category-nacional","category-policial","category-ultimas-noticias"],"_links":{"self":[{"href":"https:\/\/diariolademocracia.com\/index.php?rest_route=\/wp\/v2\/posts\/4877","targetHints":{"allow":["GET"]}}],"collection":[{"href":"https:\/\/diariolademocracia.com\/index.php?rest_route=\/wp\/v2\/posts"}],"about":[{"href":"https:\/\/diariolademocracia.com\/index.php?rest_route=\/wp\/v2\/types\/post"}],"author":[{"embeddable":true,"href":"https:\/\/diariolademocracia.com\/index.php?rest_route=\/wp\/v2\/users\/1"}],"replies":[{"embeddable":true,"href":"https:\/\/diariolademocracia.com\/index.php?rest_route=%2Fwp%2Fv2%2Fcomments&post=4877"}],"version-history":[{"count":1,"href":"https:\/\/diariolademocracia.com\/index.php?rest_route=\/wp\/v2\/posts\/4877\/revisions"}],"predecessor-version":[{"id":4879,"href":"https:\/\/diariolademocracia.com\/index.php?rest_route=\/wp\/v2\/posts\/4877\/revisions\/4879"}],"wp:featuredmedia":[{"embeddable":true,"href":"https:\/\/diariolademocracia.com\/index.php?rest_route=\/wp\/v2\/media\/4878"}],"wp:attachment":[{"href":"https:\/\/diariolademocracia.com\/index.php?rest_route=%2Fwp%2Fv2%2Fmedia&parent=4877"}],"wp:term":[{"taxonomy":"category","embeddable":true,"href":"https:\/\/diariolademocracia.com\/index.php?rest_route=%2Fwp%2Fv2%2Fcategories&post=4877"},{"taxonomy":"post_tag","embeddable":true,"href":"https:\/\/diariolademocracia.com\/index.php?rest_route=%2Fwp%2Fv2%2Ftags&post=4877"}],"curies":[{"name":"wp","href":"https:\/\/api.w.org\/{rel}","templated":true}]}}