{"id":4880,"date":"2026-09-02T20:32:59","date_gmt":"2026-09-02T18:32:59","guid":{"rendered":"https:\/\/diariolademocracia.com\/?p=4880"},"modified":"2026-09-02T20:33:00","modified_gmt":"2026-09-02T18:33:00","slug":"%f0%9f%87%a6%f0%9f%87%b7%f0%9f%8f%86-argentina-vuelve-a-gritar-campeon-una-noche-historica-ante-brasil","status":"publish","type":"post","link":"https:\/\/diariolademocracia.com\/?p=4880","title":{"rendered":"\ud83c\udde6\ud83c\uddf7\ud83c\udfc6 ARGENTINA VUELVE A GRITAR CAMPE\u00d3N: UNA NOCHE HIST\u00d3RICA ANTE BRASIL"},"content":{"rendered":"\n<p class=\"wp-block-paragraph\"><strong>La Albiceleste conquist\u00f3 la Copa Sudamericana de V\u00f3ley 2026 tras imponerse 3-2 en una final vibrante. El t\u00edtulo confirma que el deporte argentino contin\u00faa produciendo generaciones capaces de competir, resistir y ganar.<\/strong><\/p>\n\n\n\n<p class=\"wp-block-paragraph\"><strong>Por Alfredo Rosell G.<\/strong><br><em>Periodista deportivo | Diario La Democracia<\/em><\/p>\n\n\n\n<p class=\"wp-block-paragraph\">Argentina vuelve a celebrar. Y esta vez el orgullo nacional lleg\u00f3 desde una cancha de v\u00f3ley.<\/p>\n\n\n\n<p class=\"wp-block-paragraph\">El seleccionado masculino argentino se consagr\u00f3 <strong>campe\u00f3n de la Copa Sudamericana 2026<\/strong> despu\u00e9s de derrotar nada menos que a Brasil por <strong>3 sets a 2<\/strong>, en una emocionante final disputada en Cochabamba, Bolivia. Los parciales fueron 21-25, 25-21, 20-25, 25-20 y un contundente 15-10 en el tie-break definitivo.&nbsp;<\/p>\n\n\n\n<p class=\"wp-block-paragraph\">Fue una final de car\u00e1cter. Argentina estuvo dos veces abajo en el marcador y dos veces encontr\u00f3 fuerzas para levantarse. Cuando lleg\u00f3 el quinto set, ya no solamente jugaban las manos, el bloqueo o la estrategia: <strong>jugaba el coraz\u00f3n<\/strong>.<\/p>\n\n\n\n<p class=\"wp-block-paragraph\">Y Argentina respondi\u00f3 como responden los campeones.<\/p>\n\n\n\n<p class=\"wp-block-paragraph\">La Albiceleste termin\u00f3 adem\u00e1s <strong>invicta<\/strong> y asegur\u00f3 su clasificaci\u00f3n directa a los <strong>Juegos Panamericanos de Lima 2027<\/strong>. I\u00f1aki Ramos fue determinante con 23 puntos en la final, mientras Federico Arquez fue distinguido como MVP del campeonato. Santiago Arroyo y Gustavo Maciel tambi\u00e9n recibieron reconocimientos individuales.&nbsp;<\/p>\n\n\n\n<p class=\"wp-block-paragraph\">Pero quiz\u00e1 lo m\u00e1s emocionante sea mirar hacia el futuro. Argentina afront\u00f3 este torneo mayoritariamente con una generaci\u00f3n joven, demostrando que detr\u00e1s de las figuras consolidadas existe una nueva camada dispuesta a defender la camiseta con personalidad y hambre de gloria.&nbsp;<\/p>\n\n\n\n<p class=\"wp-block-paragraph\"><strong>\u00a1FELICITACIONES, CAMPEONES! \ud83c\udde6\ud83c\uddf7\ud83c\udfc6<\/strong><\/p>\n\n\n\n<p class=\"wp-block-paragraph\">Argentina vuelve a demostrar que su grandeza deportiva no pertenece a una sola disciplina.<\/p>\n\n\n\n<p class=\"wp-block-paragraph\">Hoy no hay botines ni una pelota entrando al arco. <strong>Hay una red, un bal\u00f3n de v\u00f3ley y un grupo de muchachos abraz\u00e1ndose despu\u00e9s del \u00faltimo punto.<\/strong><\/p>\n\n\n\n<p class=\"wp-block-paragraph\">Cambian los escenarios. Cambian los protagonistas.<\/p>\n\n\n\n<p class=\"wp-block-paragraph\">Pero permanece algo que identifica profundamente al deporte argentino: <strong>competir hasta el final y creer que siempre es posible.<\/strong><\/p>\n\n\n\n<p class=\"wp-block-paragraph\"><strong>\u00a1Felicitaciones, Argentina! \ud83c\udde6\ud83c\uddf7<br>\u00a1Felicitaciones, campeones! \ud83c\udfc6\ud83c\udfd0<br>Sudam\u00e9rica tiene campe\u00f3n y viste de celeste y blanco.<\/strong><\/p>\n\n\n\n<p class=\"wp-block-paragraph\"><strong>Alfredo Rosell G.<\/strong><br><em>Periodista deportivo<\/em><br><strong>Diario La Democracia<\/strong><\/p>\n","protected":false},"excerpt":{"rendered":"<p>La Albiceleste conquist\u00f3 la Copa Sudamericana de V\u00f3ley 2026 tras imponerse 3-2 en una final vibrante. El t\u00edtulo confirma que el deporte argentino contin\u00faa produciendo generaciones capaces de competir, resistir y ganar. Por Alfredo Rosell G.Periodista deportivo | Diario La Democracia Argentina vuelve a celebrar. Y esta vez el orgullo nacional lleg\u00f3 desde una cancha [&hellip;]<\/p>\n","protected":false},"author":1,"featured_media":4881,"comment_status":"open","ping_status":"open","sticky":false,"template":"","format":"standard","meta":{"footnotes":""},"categories":[7,11],"tags":[],"class_list":["post-4880","post","type-post","status-publish","format-standard","has-post-thumbnail","hentry","category-deporte","category-mundo"],"_links":{"self":[{"href":"https:\/\/diariolademocracia.com\/index.php?rest_route=\/wp\/v2\/posts\/4880","targetHints":{"allow":["GET"]}}],"collection":[{"href":"https:\/\/diariolademocracia.com\/index.php?rest_route=\/wp\/v2\/posts"}],"about":[{"href":"https:\/\/diariolademocracia.com\/index.php?rest_route=\/wp\/v2\/types\/post"}],"author":[{"embeddable":true,"href":"https:\/\/diariolademocracia.com\/index.php?rest_route=\/wp\/v2\/users\/1"}],"replies":[{"embeddable":true,"href":"https:\/\/diariolademocracia.com\/index.php?rest_route=%2Fwp%2Fv2%2Fcomments&post=4880"}],"version-history":[{"count":1,"href":"https:\/\/diariolademocracia.com\/index.php?rest_route=\/wp\/v2\/posts\/4880\/revisions"}],"predecessor-version":[{"id":4882,"href":"https:\/\/diariolademocracia.com\/index.php?rest_route=\/wp\/v2\/posts\/4880\/revisions\/4882"}],"wp:featuredmedia":[{"embeddable":true,"href":"https:\/\/diariolademocracia.com\/index.php?rest_route=\/wp\/v2\/media\/4881"}],"wp:attachment":[{"href":"https:\/\/diariolademocracia.com\/index.php?rest_route=%2Fwp%2Fv2%2Fmedia&parent=4880"}],"wp:term":[{"taxonomy":"category","embeddable":true,"href":"https:\/\/diariolademocracia.com\/index.php?rest_route=%2Fwp%2Fv2%2Fcategories&post=4880"},{"taxonomy":"post_tag","embeddable":true,"href":"https:\/\/diariolademocracia.com\/index.php?rest_route=%2Fwp%2Fv2%2Ftags&post=4880"}],"curies":[{"name":"wp","href":"https:\/\/api.w.org\/{rel}","templated":true}]}}