{"id":4883,"date":"2026-09-03T19:53:52","date_gmt":"2026-09-03T17:53:52","guid":{"rendered":"https:\/\/diariolademocracia.com\/?p=4883"},"modified":"2026-09-03T19:53:54","modified_gmt":"2026-09-03T17:53:54","slug":"ignacio-buse-el-nuevo-orgullo-del-tenis-peruano-que-quiere-hacer-historia-en-nueva-york","status":"publish","type":"post","link":"https:\/\/diariolademocracia.com\/?p=4883","title":{"rendered":"IGNACIO BUSE, EL NUEVO ORGULLO DEL TENIS PERUANO QUE QUIERE HACER HISTORIA EN NUEVA YORK"},"content":{"rendered":"\n<p class=\"wp-block-paragraph\"><strong>El lime\u00f1o, actual N.\u00ba 30 del mundo, llega al US Open en el mejor momento de su carrera. Tras conquistar Winston-Salem y superar a Marcos Giron en un dram\u00e1tico debut, enfrenta hoy al franc\u00e9s Benjamin Bonzi por un lugar en la tercera ronda.<\/strong><\/p>\n\n\n\n<p class=\"wp-block-paragraph\"><strong>Por Alfredo Rosell G.<\/strong><br><em>Periodista Internacional Deportivo<\/em><br><strong>Diario La Democracia<\/strong><\/p>\n\n\n\n<p class=\"wp-block-paragraph\">Nueva York vuelve a mirar hacia el Per\u00fa.<\/p>\n\n\n\n<p class=\"wp-block-paragraph\">En las canchas de Flushing Meadows, una nueva generaci\u00f3n del tenis nacional comienza a escribir su propia historia. Su protagonista es <strong>Ignacio Buse<\/strong>, el joven tenista lime\u00f1o que a sus 22 a\u00f1os ya se ha instalado entre los mejores jugadores del planeta y que hoy afronta un nuevo desaf\u00edo en el <strong>US Open 2026<\/strong>.<\/p>\n\n\n\n<p class=\"wp-block-paragraph\">Buse llega a esta edici\u00f3n del \u00faltimo Grand Slam de la temporada convertido en el <strong>N.\u00ba 30 del ranking ATP<\/strong>, la mejor clasificaci\u00f3n de su carrera y una posici\u00f3n que lo coloca como el tercer tenista peruano mejor ubicado en la era profesional, solamente detr\u00e1s de dos leyendas: <strong>Jaime Yzaga, N.\u00ba 18, y Pablo Arraya, N.\u00ba 29<\/strong>.<\/p>\n\n\n\n<p class=\"wp-block-paragraph\">Pero el ranking es apenas una parte de la historia.<\/p>\n\n\n\n<p class=\"wp-block-paragraph\"><strong>UNA TEMPORADA QUE CAMBI\u00d3 TODO<\/strong><\/p>\n\n\n\n<p class=\"wp-block-paragraph\">El 2026 de Ignacio Buse puede definirse en una palabra: <strong>irrupci\u00f3n<\/strong>.<\/p>\n\n\n\n<p class=\"wp-block-paragraph\">El tenista peruano comenz\u00f3 la temporada fuera de los primeros lugares del Top 100 y, en cuesti\u00f3n de meses, transform\u00f3 su realidad competitiva. Su crecimiento comenz\u00f3 a hacerse evidente en la gira sudamericana, especialmente con su llegada a las semifinales de R\u00edo de Janeiro, donde consigui\u00f3 victorias de enorme valor frente a jugadores como Jo\u00e3o Fonseca y Matteo Berrettini.<\/p>\n\n\n\n<p class=\"wp-block-paragraph\">Despu\u00e9s lleg\u00f3 el gran salto.<\/p>\n\n\n\n<p class=\"wp-block-paragraph\">En mayo, Buse conquist\u00f3 el <strong>ATP 500 de Hamburgo<\/strong>, logrando el primer t\u00edtulo ATP de su carrera y convirti\u00e9ndose en el cuarto peruano campe\u00f3n de un torneo ATP en la Era Abierta. (<a href=\"https:\/\/www.atptour.com\/es\/news\/buse-first-time-winner-spotlight-hamburg-2026?utm_source=chatgpt.com\">ATP Tour<\/a>)<\/p>\n\n\n\n<p class=\"wp-block-paragraph\">La historia no termin\u00f3 all\u00ed.<\/p>\n\n\n\n<p class=\"wp-block-paragraph\">Sobre c\u00e9sped confirm\u00f3 que su evoluci\u00f3n no depend\u00eda de una sola superficie. Sum\u00f3 victorias en Queen\u2019s, Mallorca y Wimbledon, torneo en el que consigui\u00f3 su primera victoria en un cuadro principal de Grand Slam.<\/p>\n\n\n\n<p class=\"wp-block-paragraph\">Y entonces lleg\u00f3 Winston-Salem.<\/p>\n\n\n\n<p class=\"wp-block-paragraph\"><strong>CAMPE\u00d3N EN PISTA DURA<\/strong><\/p>\n\n\n\n<p class=\"wp-block-paragraph\">A finales de agosto, Buse protagoniz\u00f3 otra p\u00e1gina hist\u00f3rica para el tenis peruano.<\/p>\n\n\n\n<p class=\"wp-block-paragraph\">El lime\u00f1o se consagr\u00f3 campe\u00f3n del <strong>Winston-Salem Open<\/strong>, derrotando al brit\u00e1nico Arthur Fery por 6-3 y 6-3 en la final. Con apenas 22 a\u00f1os y cinco meses, se convirti\u00f3 adem\u00e1s en el campe\u00f3n m\u00e1s joven en la historia del torneo. (<a href=\"https:\/\/www.atptour.com\/es\/news\/winston-salem-2026-sabado-final-buse-fery?utm_source=chatgpt.com\">ATP Tour<\/a>)<\/p>\n\n\n\n<p class=\"wp-block-paragraph\">El t\u00edtulo tuvo un significado especial: Buse se convirti\u00f3 en el primer peruano en conquistar un torneo ATP sobre pista dura desde Jaime Yzaga en 1993.<\/p>\n\n\n\n<p class=\"wp-block-paragraph\">Dos t\u00edtulos ATP en una misma temporada lo colocaron adem\u00e1s junto a Luis Horna como uno de los peruanos con m\u00e1s trofeos en el circuito, \u00fanicamente por detr\u00e1s de Yzaga, ganador de ocho t\u00edtulos. (<a href=\"https:\/\/www.atptour.com\/es\/news\/winston-salem-2026-buse-conquista-segundo-titulo?utm_source=chatgpt.com\">ATP Tour<\/a>)<\/p>\n\n\n\n<p class=\"wp-block-paragraph\"><strong>NUEVA YORK: LA HISTORIA CONTIN\u00daA<\/strong><\/p>\n\n\n\n<p class=\"wp-block-paragraph\">El US Open comenz\u00f3 con una prueba de car\u00e1cter.<\/p>\n\n\n\n<p class=\"wp-block-paragraph\">Ante el estadounidense Marcos Giron, Buse tuvo que remontar un partido de casi cuatro horas. Perdi\u00f3 el primer set, pero reaccion\u00f3 para imponerse finalmente por <strong>3-6, 6-3, 6-3, 6-7(6) y 6-1<\/strong>.<\/p>\n\n\n\n<p class=\"wp-block-paragraph\">Fue su primera victoria en el cuadro principal del US Open y una demostraci\u00f3n de madurez competitiva. (<a href=\"https:\/\/www.reuters.com\/sports\/tennis\/buse-follows-grandfathers-footsteps-with-victory-us-open-2026-09-03\/?utm_source=chatgpt.com\">Reuters<\/a>)<\/p>\n\n\n\n<p class=\"wp-block-paragraph\">La victoria tuvo, adem\u00e1s, un componente familiar y emocional extraordinario: <strong>68 a\u00f1os despu\u00e9s de la \u00faltima victoria de su abuelo Eduardo Buse en el entonces US Championships, Ignacio volvi\u00f3 a llevar el apellido Buse al triunfo en Nueva York<\/strong>. (<a href=\"https:\/\/www.reuters.com\/sports\/tennis\/buse-follows-grandfathers-footsteps-with-victory-us-open-2026-09-03\/?utm_source=chatgpt.com\">Reuters<\/a>)<\/p>\n\n\n\n<p class=\"wp-block-paragraph\">Ahora, sin embargo, no hay tiempo para detenerse a mirar el pasado.<\/p>\n\n\n\n<p class=\"wp-block-paragraph\"><strong>BONZI, EL SIGUIENTE OBST\u00c1CULO<\/strong><\/p>\n\n\n\n<p class=\"wp-block-paragraph\">El desaf\u00edo de hoy ser\u00e1 el franc\u00e9s <strong>Benjamin Bonzi<\/strong>, actual N.\u00ba 97 del ranking ATP seg\u00fan los registros previos al encuentro.<\/p>\n\n\n\n<p class=\"wp-block-paragraph\">Ser\u00e1 un partido especial porque ambos jugadores ya se enfrentaron recientemente en Winston-Salem. En aquella semifinal, Buse consigui\u00f3 imponerse por <strong>6-2, 4-6 y 6-1<\/strong>, antes de levantar posteriormente el trofeo. (<a href=\"https:\/\/www.atptour.com\/es\/news\/winston-salem-2026-viernes-buse-sf?utm_source=chatgpt.com\">ATP Tour<\/a>)<\/p>\n\n\n\n<p class=\"wp-block-paragraph\">La cita est\u00e1 programada para este jueves 3 de septiembre en la <strong>Cancha 13<\/strong>, en el cuarto turno de la jornada. (<a href=\"https:\/\/andina.pe\/agencia\/noticia-ignacio-buse-a-hora-enfrentara-hoy-al-frances-benjamin-bonzi-el-us-open-1090214.aspx?utm_source=chatgpt.com\">Agencia Andina<\/a>)<\/p>\n\n\n\n<p class=\"wp-block-paragraph\">Buse parte con la confianza de quien sabe que puede competir contra cualquiera, pero tambi\u00e9n con la prudencia necesaria para entender que un Grand Slam exige concentraci\u00f3n absoluta.<\/p>\n\n\n\n<p class=\"wp-block-paragraph\"><strong>EL TECHO PERUANO SE LLAMA YZAGA<\/strong><\/p>\n\n\n\n<p class=\"wp-block-paragraph\">El gran referente hist\u00f3rico contin\u00faa siendo Jaime Yzaga.<\/p>\n\n\n\n<p class=\"wp-block-paragraph\">El extenista peruano alcanz\u00f3 el <strong>N.\u00ba 18 del mundo<\/strong> y lleg\u00f3 a los cuartos de final del US Open en 1994. En aquella memorable campa\u00f1a derrot\u00f3 al entonces N.\u00ba 1 mundial, Pete Sampras, en un partido que permanece entre las grandes haza\u00f1as del tenis peruano.<\/p>\n\n\n\n<p class=\"wp-block-paragraph\">Yzaga tambi\u00e9n alcanz\u00f3 los cuartos de final del Abierto de Australia en 1991.<\/p>\n\n\n\n<p class=\"wp-block-paragraph\">Buse todav\u00eda est\u00e1 lejos de esa marca hist\u00f3rica, pero su trayectoria comienza a acercarlo a una generaci\u00f3n que durante d\u00e9cadas parec\u00eda imposible de alcanzar.<\/p>\n\n\n\n<p class=\"wp-block-paragraph\"><strong>UNA NUEVA ILUSI\u00d3N<\/strong><\/p>\n\n\n\n<p class=\"wp-block-paragraph\">El tenis peruano vuelve a tener motivos para creer.<\/p>\n\n\n\n<p class=\"wp-block-paragraph\">Buse no solamente est\u00e1 ganando partidos: est\u00e1 rompiendo barreras que permanecieron intactas durante a\u00f1os. Ya conquist\u00f3 dos t\u00edtulos ATP, alcanz\u00f3 el Top 30, gan\u00f3 sobre distintas superficies y ahora consigui\u00f3 su primera victoria en el cuadro principal del US Open.<\/p>\n\n\n\n<p class=\"wp-block-paragraph\">Pero quiz\u00e1 lo m\u00e1s importante sea la sensaci\u00f3n que transmite.<\/p>\n\n\n\n<p class=\"wp-block-paragraph\"><strong>Ignacio Buse no parece conformarse con haber llegado. Quiere quedarse.<\/strong><\/p>\n\n\n\n<p class=\"wp-block-paragraph\">Nueva York le ofrece ahora una nueva oportunidad.<\/p>\n\n\n\n<p class=\"wp-block-paragraph\">Frente a Benjamin Bonzi, el peruano buscar\u00e1 avanzar a la tercera ronda y continuar acerc\u00e1ndose a las actuaciones hist\u00f3ricas de Pablo Arraya, Luis Horna y Juan Pablo Varillas.<\/p>\n\n\n\n<p class=\"wp-block-paragraph\">El camino hacia los cuartos de final de Yzaga todav\u00eda es largo.<\/p>\n\n\n\n<p class=\"wp-block-paragraph\">Pero cada gran historia comienza con un primer paso.<\/p>\n\n\n\n<p class=\"wp-block-paragraph\">Y en este US Open, <strong>Ignacio Buse ya dio el suyo.<\/strong><\/p>\n\n\n\n<p class=\"wp-block-paragraph\"><strong>El Per\u00fa espera. Nueva York observa. Y el tenis peruano vuelve a so\u00f1ar.<\/strong><\/p>\n\n\n\n<p class=\"wp-block-paragraph\"><strong>ALFREDO ROSELL G.<\/strong><br><em>Periodista Internacional Deportivo<\/em><br><strong>DIARIO LA DEMOCRACIA<\/strong><\/p>\n","protected":false},"excerpt":{"rendered":"<p>El lime\u00f1o, actual N.\u00ba 30 del mundo, llega al US Open en el mejor momento de su carrera. Tras conquistar Winston-Salem y superar a Marcos Giron en un dram\u00e1tico debut, enfrenta hoy al franc\u00e9s Benjamin Bonzi por un lugar en la tercera ronda. Por Alfredo Rosell G.Periodista Internacional DeportivoDiario La Democracia Nueva York vuelve a [&hellip;]<\/p>\n","protected":false},"author":1,"featured_media":4884,"comment_status":"open","ping_status":"open","sticky":false,"template":"","format":"standard","meta":{"footnotes":""},"categories":[7,5],"tags":[],"class_list":["post-4883","post","type-post","status-publish","format-standard","has-post-thumbnail","hentry","category-deporte","category-ultimas-noticias"],"_links":{"self":[{"href":"https:\/\/diariolademocracia.com\/index.php?rest_route=\/wp\/v2\/posts\/4883","targetHints":{"allow":["GET"]}}],"collection":[{"href":"https:\/\/diariolademocracia.com\/index.php?rest_route=\/wp\/v2\/posts"}],"about":[{"href":"https:\/\/diariolademocracia.com\/index.php?rest_route=\/wp\/v2\/types\/post"}],"author":[{"embeddable":true,"href":"https:\/\/diariolademocracia.com\/index.php?rest_route=\/wp\/v2\/users\/1"}],"replies":[{"embeddable":true,"href":"https:\/\/diariolademocracia.com\/index.php?rest_route=%2Fwp%2Fv2%2Fcomments&post=4883"}],"version-history":[{"count":1,"href":"https:\/\/diariolademocracia.com\/index.php?rest_route=\/wp\/v2\/posts\/4883\/revisions"}],"predecessor-version":[{"id":4885,"href":"https:\/\/diariolademocracia.com\/index.php?rest_route=\/wp\/v2\/posts\/4883\/revisions\/4885"}],"wp:featuredmedia":[{"embeddable":true,"href":"https:\/\/diariolademocracia.com\/index.php?rest_route=\/wp\/v2\/media\/4884"}],"wp:attachment":[{"href":"https:\/\/diariolademocracia.com\/index.php?rest_route=%2Fwp%2Fv2%2Fmedia&parent=4883"}],"wp:term":[{"taxonomy":"category","embeddable":true,"href":"https:\/\/diariolademocracia.com\/index.php?rest_route=%2Fwp%2Fv2%2Fcategories&post=4883"},{"taxonomy":"post_tag","embeddable":true,"href":"https:\/\/diariolademocracia.com\/index.php?rest_route=%2Fwp%2Fv2%2Ftags&post=4883"}],"curies":[{"name":"wp","href":"https:\/\/api.w.org\/{rel}","templated":true}]}}