{"id":4886,"date":"2026-09-03T20:19:58","date_gmt":"2026-09-03T18:19:58","guid":{"rendered":"https:\/\/diariolademocracia.com\/?p=4886"},"modified":"2026-09-03T20:19:59","modified_gmt":"2026-09-03T18:19:59","slug":"%f0%9f%87%b5%f0%9f%87%aa-peru-favorito-para-ganar-el-mundial-de-comidas-el-cebiche-y-la-inca-kola-van-por-la-gloria","status":"publish","type":"post","link":"https:\/\/diariolademocracia.com\/?p=4886","title":{"rendered":"\ud83c\uddf5\ud83c\uddea PER\u00da, FAVORITO PARA GANAR EL MUNDIAL DE COMIDAS: EL CEBICHE Y LA INCA KOLA VAN POR LA GLORIA"},"content":{"rendered":"\n<p class=\"wp-block-paragraph\"><strong>El plato bandera peruano se enfrenta a la gastronom\u00eda guatemalteca en una competencia que ha despertado una enorme participaci\u00f3n en redes sociales. El cebiche peruano ya supera los 2,9 millones de votos.<\/strong><\/p>\n\n\n\n<p class=\"wp-block-paragraph\"><strong>Por Alfredo Rosell G.<\/strong><br><em>Periodista Internacional<\/em><br><strong>Diario La Democracia<\/strong><\/p>\n\n\n\n<p class=\"wp-block-paragraph\"><strong>Lima.\u2013<\/strong> El Per\u00fa vuelve a poner sobre la mesa uno de sus mayores orgullos: su gastronom\u00eda. El <strong>cebiche<\/strong>, acompa\u00f1ado simb\u00f3licamente por la tradicional <strong>Inca Kola<\/strong>, avanza como uno de los grandes favoritos en el denominado <strong>Mundial de Comidas<\/strong>, una competencia que viene generando una masiva participaci\u00f3n internacional a trav\u00e9s de las redes sociales.<\/p>\n\n\n\n<p class=\"wp-block-paragraph\">La contienda gastron\u00f3mica ha llegado a una etapa decisiva. En los cuartos de final, la propuesta peruana se mide ante la gastronom\u00eda de <strong>Guatemala<\/strong>, representada por el tradicional <strong>pepi\u00e1n guatemalteco<\/strong>, acompa\u00f1ado de la bebida conocida como <strong>Rosa de Jamaica<\/strong>.<\/p>\n\n\n\n<p class=\"wp-block-paragraph\"><strong>EL CEBICHE CONQUISTA LAS REDES<\/strong><\/p>\n\n\n\n<p class=\"wp-block-paragraph\">Seg\u00fan la informaci\u00f3n publicada en la nota period\u00edstica que acompa\u00f1a esta competencia, el cebiche peruano alcanz\u00f3 aproximadamente <strong>2,9 millones de votos<\/strong>, mientras que las <strong>baleadas hondure\u00f1as<\/strong> registraron alrededor de <strong>1,8 millones<\/strong> en una etapa anterior.<\/p>\n\n\n\n<p class=\"wp-block-paragraph\">El fen\u00f3meno ha trascendido las fronteras. TikTok, Instagram, Facebook y YouTube se han convertido en aut\u00e9nticos escenarios de esta particular batalla gastron\u00f3mica, donde los usuarios de distintos pa\u00edses participan mediante sus votos y expresan su respaldo a sus platos tradicionales.<\/p>\n\n\n\n<p class=\"wp-block-paragraph\">La dimensi\u00f3n de la competencia tambi\u00e9n queda reflejada en las cifras: el anuncio de los cuartos de final habr\u00eda superado <strong>el mill\u00f3n y medio de visualizaciones en TikTok<\/strong>, demostrando el enorme inter\u00e9s que despierta el certamen.<\/p>\n\n\n\n<p class=\"wp-block-paragraph\"><strong>PER\u00da Y GUATEMALA, SABORES QUE REPRESENTAN A SUS PUEBLOS<\/strong><\/p>\n\n\n\n<p class=\"wp-block-paragraph\">El duelo no es solamente entre dos platos. Tambi\u00e9n representa el encuentro de dos culturas y dos tradiciones culinarias profundamente arraigadas.<\/p>\n\n\n\n<p class=\"wp-block-paragraph\">Por el lado peruano, el <strong>cebiche<\/strong> representa una de las m\u00e1ximas expresiones de la gastronom\u00eda nacional. Pescado, lim\u00f3n, aj\u00ed y otros ingredientes se combinan para crear un plato reconocido internacionalmente y asociado directamente con la identidad culinaria del Per\u00fa.<\/p>\n\n\n\n<p class=\"wp-block-paragraph\">Guatemala, por su parte, presenta el <strong>pepi\u00e1n<\/strong>, una preparaci\u00f3n tradicional de gran importancia dentro de su cocina, acompa\u00f1ada en esta competencia por la <strong>Rosa de Jamaica<\/strong>, una bebida de sabor caracter\u00edstico y ampliamente consumida en el pa\u00eds centroamericano.<\/p>\n\n\n\n<p class=\"wp-block-paragraph\"><strong>UNA BATALLA QUE TAMBI\u00c9N UNE<\/strong><\/p>\n\n\n\n<p class=\"wp-block-paragraph\">M\u00e1s all\u00e1 del resultado, la competencia ha conseguido algo importante: colocar nuevamente a la gastronom\u00eda latinoamericana en el centro de la conversaci\u00f3n digital.<\/p>\n\n\n\n<p class=\"wp-block-paragraph\">La publicaci\u00f3n destaca, adem\u00e1s, los v\u00ednculos entre Per\u00fa y Guatemala y el intercambio que mantienen ambos pa\u00edses, mientras miles de usuarios participan en una disputa que, lejos de dividir, permite descubrir y valorar los sabores tradicionales de diferentes pueblos.<\/p>\n\n\n\n<p class=\"wp-block-paragraph\">En redes sociales tambi\u00e9n aparecen mensajes de apoyo de personas de distintas nacionalidades hacia la propuesta peruana. El fen\u00f3meno demuestra que la gastronom\u00eda tiene una capacidad extraordinaria para generar identidad, orgullo y comunidad.<\/p>\n\n\n\n<p class=\"wp-block-paragraph\"><strong>\ud83c\uddf5\ud83c\uddea PER\u00da VA POR EL T\u00cdTULO<\/strong><\/p>\n\n\n\n<p class=\"wp-block-paragraph\">Con millones de votos y una enorme exposici\u00f3n en las plataformas digitales, el cebiche peruano encara una nueva batalla con la expectativa de avanzar hacia las siguientes etapas del torneo.<\/p>\n\n\n\n<p class=\"wp-block-paragraph\">La bandera peruana ya est\u00e1 sobre la mesa.<\/p>\n\n\n\n<p class=\"wp-block-paragraph\">El lim\u00f3n, el aj\u00ed, el pescado y la tradici\u00f3n culinaria nacional tienen ahora un nuevo escenario para demostrar por qu\u00e9 el Per\u00fa es reconocido mundialmente por su gastronom\u00eda.<\/p>\n\n\n\n<p class=\"wp-block-paragraph\"><strong>El Mundial de Comidas entra en su etapa decisiva y el Per\u00fa sue\u00f1a con levantar el trofeo.<\/strong><\/p>\n\n\n\n<p class=\"wp-block-paragraph\"><strong>Esta vez, la cancha es la mesa. Y el representante peruano tiene nombre propio: cebiche. \ud83c\uddf5\ud83c\uddea\ud83d\udc1f\ud83c\udf4b<\/strong><\/p>\n","protected":false},"excerpt":{"rendered":"<p>El plato bandera peruano se enfrenta a la gastronom\u00eda guatemalteca en una competencia que ha despertado una enorme participaci\u00f3n en redes sociales. El cebiche peruano ya supera los 2,9 millones de votos. Por Alfredo Rosell G.Periodista InternacionalDiario La Democracia Lima.\u2013 El Per\u00fa vuelve a poner sobre la mesa uno de sus mayores orgullos: su gastronom\u00eda. [&hellip;]<\/p>\n","protected":false},"author":1,"featured_media":4887,"comment_status":"open","ping_status":"open","sticky":false,"template":"","format":"standard","meta":{"footnotes":""},"categories":[10,2,5],"tags":[],"class_list":["post-4886","post","type-post","status-publish","format-standard","has-post-thumbnail","hentry","category-cultura","category-nacional","category-ultimas-noticias"],"_links":{"self":[{"href":"https:\/\/diariolademocracia.com\/index.php?rest_route=\/wp\/v2\/posts\/4886","targetHints":{"allow":["GET"]}}],"collection":[{"href":"https:\/\/diariolademocracia.com\/index.php?rest_route=\/wp\/v2\/posts"}],"about":[{"href":"https:\/\/diariolademocracia.com\/index.php?rest_route=\/wp\/v2\/types\/post"}],"author":[{"embeddable":true,"href":"https:\/\/diariolademocracia.com\/index.php?rest_route=\/wp\/v2\/users\/1"}],"replies":[{"embeddable":true,"href":"https:\/\/diariolademocracia.com\/index.php?rest_route=%2Fwp%2Fv2%2Fcomments&post=4886"}],"version-history":[{"count":1,"href":"https:\/\/diariolademocracia.com\/index.php?rest_route=\/wp\/v2\/posts\/4886\/revisions"}],"predecessor-version":[{"id":4888,"href":"https:\/\/diariolademocracia.com\/index.php?rest_route=\/wp\/v2\/posts\/4886\/revisions\/4888"}],"wp:featuredmedia":[{"embeddable":true,"href":"https:\/\/diariolademocracia.com\/index.php?rest_route=\/wp\/v2\/media\/4887"}],"wp:attachment":[{"href":"https:\/\/diariolademocracia.com\/index.php?rest_route=%2Fwp%2Fv2%2Fmedia&parent=4886"}],"wp:term":[{"taxonomy":"category","embeddable":true,"href":"https:\/\/diariolademocracia.com\/index.php?rest_route=%2Fwp%2Fv2%2Fcategories&post=4886"},{"taxonomy":"post_tag","embeddable":true,"href":"https:\/\/diariolademocracia.com\/index.php?rest_route=%2Fwp%2Fv2%2Ftags&post=4886"}],"curies":[{"name":"wp","href":"https:\/\/api.w.org\/{rel}","templated":true}]}}