{"id":4890,"date":"2026-09-03T22:11:17","date_gmt":"2026-09-03T20:11:17","guid":{"rendered":"https:\/\/diariolademocracia.com\/?p=4890"},"modified":"2026-09-03T22:11:18","modified_gmt":"2026-09-03T20:11:18","slug":"sporting-cristal-evalua-multa-a-catriel-cabellos-tras-la-expulsion-ante-sport-boys","status":"publish","type":"post","link":"https:\/\/diariolademocracia.com\/?p=4890","title":{"rendered":"SPORTING CRISTAL EVAL\u00daA MULTA A CATRIEL CABELLOS TRAS LA EXPULSI\u00d3N ANTE SPORT BOYS"},"content":{"rendered":"\n<p class=\"wp-block-paragraph\"><strong>La tarjeta roja recibida en el Callao genera malestar dentro del entorno celeste. El club analizar\u00eda una sanci\u00f3n econ\u00f3mica para el volante, mientras crecen las cr\u00edticas por su rendimiento y por la decisi\u00f3n de utilizarlo en un partido clave.<\/strong><\/p>\n\n\n\n<p class=\"wp-block-paragraph\"><strong>Por Alfredo Rosell G.<\/strong><br><em>Periodista Internacional Deportivo<\/em><br><strong>Diario La Democracia<\/strong><\/p>\n\n\n\n<p class=\"wp-block-paragraph\"><strong>R\u00edmac.\u2013<\/strong> La derrota de <strong>Sporting Cristal ante Sport Boys en el Callao<\/strong> todav\u00eda genera incomodidad y preocupaci\u00f3n dentro del entorno celeste. El resultado dej\u00f3 heridas abiertas y, especialmente, la expulsi\u00f3n de <strong>Catriel Cabellos<\/strong> se convirti\u00f3 en uno de los principales puntos de discusi\u00f3n despu\u00e9s del encuentro.<\/p>\n\n\n\n<p class=\"wp-block-paragraph\">Jugar con diez hombres durante buena parte del segundo tiempo termin\u00f3 condicionando al conjunto rimense. En el club existe malestar por una expulsi\u00f3n considerada evitable y que, seg\u00fan la informaci\u00f3n proporcionada, podr\u00eda derivar incluso en una <strong>multa econ\u00f3mica equivalente al 30 % de su salario<\/strong>.<\/p>\n\n\n\n<p class=\"wp-block-paragraph\">La eventual sanci\u00f3n busca establecer un precedente dentro del plantel y evitar que situaciones similares vuelvan a perjudicar al equipo en momentos decisivos.<\/p>\n\n\n\n<p class=\"wp-block-paragraph\"><strong>CABELLOS, EN EL CENTRO DE LAS CR\u00cdTICAS<\/strong><\/p>\n\n\n\n<p class=\"wp-block-paragraph\">La situaci\u00f3n de Catriel Cabellos genera un debate todav\u00eda mayor debido a las expectativas que acompa\u00f1aron su llegada a Sporting Cristal.<\/p>\n\n\n\n<p class=\"wp-block-paragraph\">El volante arrib\u00f3 procedente de <strong>Racing Club de Argentina<\/strong> como una apuesta importante para el proyecto deportivo. Sin embargo, su producci\u00f3n no habr\u00eda respondido hasta el momento a las expectativas generadas por su contrataci\u00f3n.<\/p>\n\n\n\n<p class=\"wp-block-paragraph\">Dentro del entorno del club existen voces cr\u00edticas que consideran que el futbolista todav\u00eda no ha conseguido marcar la diferencia que se esperaba de \u00e9l, especialmente teniendo en cuenta la inversi\u00f3n realizada y las expectativas deportivas depositadas en su incorporaci\u00f3n.<\/p>\n\n\n\n<p class=\"wp-block-paragraph\">De acuerdo con la informaci\u00f3n que circula en el entorno celeste, su llegada estuvo vinculada a una recomendaci\u00f3n del entonces dirigente <strong>Gustavo Ceballos<\/strong>, situaci\u00f3n que vuelve a colocar aquella contrataci\u00f3n bajo la lupa.<\/p>\n\n\n\n<p class=\"wp-block-paragraph\"><strong>\u00bfPOR QU\u00c9 FUE TITULAR?<\/strong><\/p>\n\n\n\n<p class=\"wp-block-paragraph\">Uno de los principales interrogantes que dej\u00f3 el partido frente a Sport Boys apunta directamente al comando t\u00e9cnico.<\/p>\n\n\n\n<p class=\"wp-block-paragraph\">La utilizaci\u00f3n de Cabellos en un encuentro que termin\u00f3 siendo adverso ha generado cuestionamientos hacia <strong>Roberto Mosquera<\/strong>, particularmente porque el jugador ven\u00eda teniendo un papel secundario dentro del equipo.<\/p>\n\n\n\n<p class=\"wp-block-paragraph\">La pregunta que queda instalada en el ambiente rimense es sencilla: <strong>\u00bfse trat\u00f3 de una decisi\u00f3n estrictamente deportiva o existi\u00f3 tambi\u00e9n la necesidad de darle minutos a un futbolista cuya situaci\u00f3n contractual y deportiva debe resolverse?<\/strong><\/p>\n\n\n\n<p class=\"wp-block-paragraph\">Por ahora, cualquier interpretaci\u00f3n sobre una eventual intenci\u00f3n de exhibir al jugador para facilitar una futura transferencia debe manejarse como una hip\u00f3tesis y no como un hecho confirmado. Lo concreto es que su rendimiento contin\u00faa siendo observado con atenci\u00f3n por la dirigencia y por los hinchas.<\/p>\n\n\n\n<p class=\"wp-block-paragraph\"><strong>UNA INVERSI\u00d3N QUE EXIGE RESULTADOS<\/strong><\/p>\n\n\n\n<p class=\"wp-block-paragraph\">La llegada de un futbolista supone siempre una expectativa. En el caso de Cabellos, esa expectativa parece haber sido todav\u00eda mayor por la inversi\u00f3n realizada y por su procedencia.<\/p>\n\n\n\n<p class=\"wp-block-paragraph\">Sporting Cristal necesita que sus incorporaciones respondan dentro del campo. El hincha celeste exige jugadores capaces de asumir responsabilidades, sostener el rendimiento del equipo y marcar diferencias en los partidos importantes.<\/p>\n\n\n\n<p class=\"wp-block-paragraph\">Por ello, una expulsi\u00f3n evitable en un encuentro que finalmente termin\u00f3 en derrota adquiere una dimensi\u00f3n mayor.<\/p>\n\n\n\n<p class=\"wp-block-paragraph\">No se trata solamente de una tarjeta roja: <strong>es una situaci\u00f3n que vuelve a abrir el debate sobre el rendimiento, la contrataci\u00f3n y la planificaci\u00f3n deportiva del club.<\/strong><\/p>\n\n\n\n<p class=\"wp-block-paragraph\"><strong>BARCO, LA ALTERNATIVA<\/strong><\/p>\n\n\n\n<p class=\"wp-block-paragraph\">Ante la ausencia de Cabellos, <strong>Hern\u00e1n Barcos<\/strong> aparece, seg\u00fan la informaci\u00f3n proporcionada, como una de las alternativas para ocupar su lugar en el pr\u00f3ximo compromiso frente a <strong>Los Chankas<\/strong>.<\/p>\n\n\n\n<p class=\"wp-block-paragraph\">El equipo deber\u00e1 reaccionar r\u00e1pidamente. La temporada contin\u00faa y Sporting Cristal no puede permitirse que una derrota genere una crisis prolongada.<\/p>\n\n\n\n<p class=\"wp-block-paragraph\">En el R\u00edmac, la molestia permanece.<\/p>\n\n\n\n<p class=\"wp-block-paragraph\">La hinchada quiere respuestas, el comando t\u00e9cnico deber\u00e1 encontrar soluciones y la dirigencia tendr\u00e1 que evaluar si las decisiones tomadas en materia de contrataciones est\u00e1n entregando los resultados esperados.<\/p>\n\n\n\n<p class=\"wp-block-paragraph\"><strong>Porque en Sporting Cristal no basta con vestir la camiseta celeste: hay que demostrar, partido a partido, que se est\u00e1 a la altura de ella.<\/strong><\/p>\n\n\n\n<p class=\"wp-block-paragraph\"><strong>ALFREDO ROSELL G.<\/strong><br><em>Periodista Internacional Deportivo<\/em><br><strong>DIARIO LA DEMOCRACIA<\/strong><\/p>\n","protected":false},"excerpt":{"rendered":"<p>La tarjeta roja recibida en el Callao genera malestar dentro del entorno celeste. El club analizar\u00eda una sanci\u00f3n econ\u00f3mica para el volante, mientras crecen las cr\u00edticas por su rendimiento y por la decisi\u00f3n de utilizarlo en un partido clave. Por Alfredo Rosell G.Periodista Internacional DeportivoDiario La Democracia R\u00edmac.\u2013 La derrota de Sporting Cristal ante Sport [&hellip;]<\/p>\n","protected":false},"author":1,"featured_media":4891,"comment_status":"open","ping_status":"open","sticky":false,"template":"","format":"standard","meta":{"footnotes":""},"categories":[7,5],"tags":[],"class_list":["post-4890","post","type-post","status-publish","format-standard","has-post-thumbnail","hentry","category-deporte","category-ultimas-noticias"],"_links":{"self":[{"href":"https:\/\/diariolademocracia.com\/index.php?rest_route=\/wp\/v2\/posts\/4890","targetHints":{"allow":["GET"]}}],"collection":[{"href":"https:\/\/diariolademocracia.com\/index.php?rest_route=\/wp\/v2\/posts"}],"about":[{"href":"https:\/\/diariolademocracia.com\/index.php?rest_route=\/wp\/v2\/types\/post"}],"author":[{"embeddable":true,"href":"https:\/\/diariolademocracia.com\/index.php?rest_route=\/wp\/v2\/users\/1"}],"replies":[{"embeddable":true,"href":"https:\/\/diariolademocracia.com\/index.php?rest_route=%2Fwp%2Fv2%2Fcomments&post=4890"}],"version-history":[{"count":1,"href":"https:\/\/diariolademocracia.com\/index.php?rest_route=\/wp\/v2\/posts\/4890\/revisions"}],"predecessor-version":[{"id":4892,"href":"https:\/\/diariolademocracia.com\/index.php?rest_route=\/wp\/v2\/posts\/4890\/revisions\/4892"}],"wp:featuredmedia":[{"embeddable":true,"href":"https:\/\/diariolademocracia.com\/index.php?rest_route=\/wp\/v2\/media\/4891"}],"wp:attachment":[{"href":"https:\/\/diariolademocracia.com\/index.php?rest_route=%2Fwp%2Fv2%2Fmedia&parent=4890"}],"wp:term":[{"taxonomy":"category","embeddable":true,"href":"https:\/\/diariolademocracia.com\/index.php?rest_route=%2Fwp%2Fv2%2Fcategories&post=4890"},{"taxonomy":"post_tag","embeddable":true,"href":"https:\/\/diariolademocracia.com\/index.php?rest_route=%2Fwp%2Fv2%2Ftags&post=4890"}],"curies":[{"name":"wp","href":"https:\/\/api.w.org\/{rel}","templated":true}]}}