{"id":4893,"date":"2026-09-05T01:33:43","date_gmt":"2026-09-04T23:33:43","guid":{"rendered":"https:\/\/diariolademocracia.com\/?p=4893"},"modified":"2026-09-05T01:41:36","modified_gmt":"2026-09-04T23:41:36","slug":"la-democracia","status":"publish","type":"post","link":"https:\/\/diariolademocracia.com\/?p=4893","title":{"rendered":"CEUTA ESTALLA CONTRA S\u00c1NCHEZ POR LA CRISIS MIGRATORIA"},"content":{"rendered":"\n<p class=\"wp-block-paragraph\"><strong>4 DE SETIEMBRE DE 2026<\/strong><\/p>\n\n\n\n<p class=\"wp-block-paragraph\"><strong>MILES DE PERSONAS PROTESTAN EN ESPA\u00d1A Y EXIGEN RESPUESTAS ANTE LA LLEGADA MASIVA DE MIGRANTES<\/strong><\/p>\n\n\n\n<p class=\"wp-block-paragraph\"><strong>La oposici\u00f3n acusa al Gobierno de abandonar a los habitantes de Ceuta, mientras el Ejecutivo denuncia una utilizaci\u00f3n pol\u00edtica de la emergencia. Un informe policial se\u00f1ala la \u201cpermisividad total\u201d de las fuerzas marroqu\u00edes durante los cruces fronterizos.<\/strong><\/p>\n\n\n\n<p class=\"wp-block-paragraph\"><strong>Madrid, Espa\u00f1a.<\/strong>\u2014 Miles de personas salieron a las calles de distintas ciudades espa\u00f1olas para protestar contra la gesti\u00f3n del Gobierno de Pedro S\u00e1nchez frente a la crisis migratoria registrada en Ceuta.<\/p>\n\n\n\n<p class=\"wp-block-paragraph\">Las movilizaciones reflejan la creciente tensi\u00f3n pol\u00edtica y social provocada por la llegada masiva de migrantes desde Marruecos. En la ciudad aut\u00f3noma, los residentes reclaman respuestas inmediatas, mayor presencia del Estado y una soluci\u00f3n para las personas que permanecen en campamentos improvisados, playas y espacios urbanos.<\/p>\n\n\n\n<p class=\"wp-block-paragraph\">La crisis ha desbordado la capacidad de respuesta de las autoridades locales y se ha convertido en uno de los principales desaf\u00edos pol\u00edticos y humanitarios para el Ejecutivo espa\u00f1ol.<\/p>\n\n\n\n<p class=\"wp-block-paragraph\"><strong>LA OPOSICI\u00d3N ACUSA AL GOBIERNO DE ABANDONAR CEUTA<\/strong><\/p>\n\n\n\n<p class=\"wp-block-paragraph\">Los partidos de la oposici\u00f3n responsabilizan al Gobierno de haber dejado solos a los habitantes de Ceuta ante una situaci\u00f3n excepcional.<\/p>\n\n\n\n<p class=\"wp-block-paragraph\">Sus dirigentes sostienen que el Ejecutivo no actu\u00f3 con la rapidez necesaria para proteger la frontera ni para garantizar la seguridad y la atenci\u00f3n b\u00e1sica de la poblaci\u00f3n local. Tambi\u00e9n reclaman una pol\u00edtica clara de devoluciones y la distribuci\u00f3n inmediata de los migrantes entre otras comunidades aut\u00f3nomas.<\/p>\n\n\n\n<p class=\"wp-block-paragraph\">Los residentes denuncian presi\u00f3n sobre los servicios p\u00fablicos, falta de informaci\u00f3n y creciente incertidumbre ante la presencia de miles de personas en distintos puntos de la ciudad.<\/p>\n\n\n\n<p class=\"wp-block-paragraph\"><strong>EL EJECUTIVO DENUNCIA UNA UTILIZACI\u00d3N POL\u00cdTICA<\/strong><\/p>\n\n\n\n<p class=\"wp-block-paragraph\">El Gobierno de Pedro S\u00e1nchez ha rechazado las acusaciones de abandono y defiende su actuaci\u00f3n ante la emergencia.<\/p>\n\n\n\n<p class=\"wp-block-paragraph\">Desde el Ejecutivo se acusa a los partidos de derecha de utilizar la crisis migratoria con fines pol\u00edticos y de alimentar el temor y la confrontaci\u00f3n social.<\/p>\n\n\n\n<p class=\"wp-block-paragraph\">S\u00e1nchez ha atribuido los cruces fronterizos a redes de tr\u00e1fico de personas y a campa\u00f1as de desinformaci\u00f3n difundidas por internet. Seg\u00fan su explicaci\u00f3n, esos mensajes habr\u00edan alentado a miles de personas a dirigirse hacia Ceuta bajo la expectativa de ingresar en territorio espa\u00f1ol.<\/p>\n\n\n\n<p class=\"wp-block-paragraph\">El Gobierno insiste en que la situaci\u00f3n debe abordarse mediante cooperaci\u00f3n internacional, control fronterizo y asistencia humanitaria.<\/p>\n\n\n\n<p class=\"wp-block-paragraph\"><strong>INFORME POLICIAL APUNTA A \u201cPERMISIVIDAD TOTAL\u201d DE MARRUECOS<\/strong><\/p>\n\n\n\n<p class=\"wp-block-paragraph\">La controversia aument\u00f3 tras la difusi\u00f3n de un informe policial que se\u00f1ala una <strong>\u201cpermisividad total\u201d<\/strong> de las fuerzas de seguridad marroqu\u00edes durante la llegada masiva de migrantes.<\/p>\n\n\n\n<p class=\"wp-block-paragraph\">El documento contradice parcialmente las declaraciones realizadas d\u00edas antes por S\u00e1nchez, quien hab\u00eda insistido en que Marruecos no era responsable directo de los cruces.<\/p>\n\n\n\n<p class=\"wp-block-paragraph\">La oposici\u00f3n exige explicaciones y reclama aclarar si existi\u00f3 una relajaci\u00f3n deliberada del control fronterizo. Marruecos, por su parte, niega haber organizado o promovido el desplazamiento de personas hacia Ceuta.<\/p>\n\n\n\n<p class=\"wp-block-paragraph\"><strong>72.000 PERSONAS CRUZARON HACIA CEUTA<\/strong><\/p>\n\n\n\n<p class=\"wp-block-paragraph\">Seg\u00fan los datos disponibles, al menos <strong>72.000 migrantes cruzaron desde Marruecos hacia Ceuta durante los d\u00edas 30 y 31 de julio<\/strong>.<\/p>\n\n\n\n<p class=\"wp-block-paragraph\">La magnitud de la llegada oblig\u00f3 a las autoridades a habilitar espacios provisionales para atender a los reci\u00e9n llegados. Organizaciones humanitarias alertaron sobre la falta de alimentos, agua, atenci\u00f3n m\u00e9dica y alojamiento adecuado.<\/p>\n\n\n\n<p class=\"wp-block-paragraph\">Aunque la mayor\u00eda de las personas que cruzaron ya regres\u00f3 a Marruecos, unas <strong>5.000 permanecen en campamentos improvisados o dispersas por calles y playas de Ceuta<\/strong>.<\/p>\n\n\n\n<p class=\"wp-block-paragraph\">Entre los migrantes hay familias, j\u00f3venes y menores de edad no acompa\u00f1ados, una situaci\u00f3n que ha a\u00f1adido una dimensi\u00f3n humanitaria especialmente delicada.<\/p>\n\n\n\n<p class=\"wp-block-paragraph\"><strong>UNA CRISIS LOCAL CON IMPACTO INTERNACIONAL<\/strong><\/p>\n\n\n\n<p class=\"wp-block-paragraph\">La situaci\u00f3n en Ceuta ha trascendido las fronteras espa\u00f1olas y se ha convertido en un asunto de relevancia internacional.<\/p>\n\n\n\n<p class=\"wp-block-paragraph\">La ciudad aut\u00f3noma ocupa una posici\u00f3n estrat\u00e9gica en el norte de \u00c1frica y constituye uno de los principales puntos de contacto entre Europa y Marruecos. Cualquier alteraci\u00f3n en el control fronterizo tiene consecuencias inmediatas para la seguridad, la pol\u00edtica migratoria y las relaciones diplom\u00e1ticas entre ambos pa\u00edses.<\/p>\n\n\n\n<p class=\"wp-block-paragraph\">La crisis tambi\u00e9n reaviv\u00f3 el debate europeo sobre la responsabilidad compartida en la gesti\u00f3n de los flujos migratorios.<\/p>\n\n\n\n<p class=\"wp-block-paragraph\"><strong>S\u00c1NCHEZ ENFRENTA UNA CRECIENTE PRESI\u00d3N<\/strong><\/p>\n\n\n\n<p class=\"wp-block-paragraph\">La oposici\u00f3n exige responsabilidades y acusa al Gobierno de reaccionar tarde. Tambi\u00e9n cuestiona la relaci\u00f3n con Marruecos y pide conocer qu\u00e9 medidas se adoptaron antes y durante la llegada masiva.<\/p>\n\n\n\n<p class=\"wp-block-paragraph\">El Ejecutivo defiende que su prioridad ha sido restablecer el control fronterizo, atender a las personas vulnerables y evitar una escalada diplom\u00e1tica con Rabat.<\/p>\n\n\n\n<p class=\"wp-block-paragraph\">Mientras miles de migrantes contin\u00faan sin una soluci\u00f3n definitiva y las protestas se multiplican, Ceuta permanece en el centro de una disputa que combina migraci\u00f3n, seguridad, relaciones internacionales y lucha pol\u00edtica.<\/p>\n\n\n\n<p class=\"wp-block-paragraph\"><strong>Desde Espa\u00f1a, para la informaci\u00f3n internacional, Alfredo Rosell G.<\/strong><\/p>\n","protected":false},"excerpt":{"rendered":"<p>4 DE SETIEMBRE DE 2026 MILES DE PERSONAS PROTESTAN EN ESPA\u00d1A Y EXIGEN RESPUESTAS ANTE LA LLEGADA MASIVA DE MIGRANTES La oposici\u00f3n acusa al Gobierno de abandonar a los habitantes de Ceuta, mientras el Ejecutivo denuncia una utilizaci\u00f3n pol\u00edtica de la emergencia. Un informe policial se\u00f1ala la \u201cpermisividad total\u201d de las fuerzas marroqu\u00edes durante los [&hellip;]<\/p>\n","protected":false},"author":1,"featured_media":4894,"comment_status":"open","ping_status":"open","sticky":false,"template":"","format":"standard","meta":{"footnotes":""},"categories":[11,5],"tags":[],"class_list":["post-4893","post","type-post","status-publish","format-standard","has-post-thumbnail","hentry","category-mundo","category-ultimas-noticias"],"_links":{"self":[{"href":"https:\/\/diariolademocracia.com\/index.php?rest_route=\/wp\/v2\/posts\/4893","targetHints":{"allow":["GET"]}}],"collection":[{"href":"https:\/\/diariolademocracia.com\/index.php?rest_route=\/wp\/v2\/posts"}],"about":[{"href":"https:\/\/diariolademocracia.com\/index.php?rest_route=\/wp\/v2\/types\/post"}],"author":[{"embeddable":true,"href":"https:\/\/diariolademocracia.com\/index.php?rest_route=\/wp\/v2\/users\/1"}],"replies":[{"embeddable":true,"href":"https:\/\/diariolademocracia.com\/index.php?rest_route=%2Fwp%2Fv2%2Fcomments&post=4893"}],"version-history":[{"count":2,"href":"https:\/\/diariolademocracia.com\/index.php?rest_route=\/wp\/v2\/posts\/4893\/revisions"}],"predecessor-version":[{"id":4897,"href":"https:\/\/diariolademocracia.com\/index.php?rest_route=\/wp\/v2\/posts\/4893\/revisions\/4897"}],"wp:featuredmedia":[{"embeddable":true,"href":"https:\/\/diariolademocracia.com\/index.php?rest_route=\/wp\/v2\/media\/4894"}],"wp:attachment":[{"href":"https:\/\/diariolademocracia.com\/index.php?rest_route=%2Fwp%2Fv2%2Fmedia&parent=4893"}],"wp:term":[{"taxonomy":"category","embeddable":true,"href":"https:\/\/diariolademocracia.com\/index.php?rest_route=%2Fwp%2Fv2%2Fcategories&post=4893"},{"taxonomy":"post_tag","embeddable":true,"href":"https:\/\/diariolademocracia.com\/index.php?rest_route=%2Fwp%2Fv2%2Ftags&post=4893"}],"curies":[{"name":"wp","href":"https:\/\/api.w.org\/{rel}","templated":true}]}}