{"id":4898,"date":"2026-09-05T01:57:28","date_gmt":"2026-09-04T23:57:28","guid":{"rendered":"https:\/\/diariolademocracia.com\/?p=4898"},"modified":"2026-09-05T01:57:29","modified_gmt":"2026-09-04T23:57:29","slug":"%f0%9f%92%99-julio-cesar-uribe-se-quiebra-voy-a-resistir","status":"publish","type":"post","link":"https:\/\/diariolademocracia.com\/?p=4898","title":{"rendered":"\ud83d\udc99 JULIO C\u00c9SAR URIBE SE QUIEBRA: \u201cVOY A RESISTIR\u201d"},"content":{"rendered":"\n<p class=\"wp-block-paragraph\"><strong>El \u00eddolo celeste pidi\u00f3 disculpas a los hinchas de Sporting Cristal y confirm\u00f3 que continuar\u00e1 en su cargo. La agresi\u00f3n sufrida en el R\u00edmac y la crisis deportiva golpean a un referente que hoy parece cargar sobre sus hombros buena parte de la frustraci\u00f3n de una hinchada que exige respuestas.<\/strong><\/p>\n\n\n\n<p class=\"wp-block-paragraph\"><strong>La Florida, R\u00edmac.<\/strong>\u2014 Esta vez no fue el Julio C\u00e9sar Uribe de las grandes noches, aquel futbolista que convirti\u00f3 la camiseta celeste en parte de su historia. Tampoco fue simplemente el dirigente que acudi\u00f3 a una conferencia para explicar una situaci\u00f3n deportiva.<\/p>\n\n\n\n<p class=\"wp-block-paragraph\">Fue un hombre quebrado por la tristeza.<\/p>\n\n\n\n<p class=\"wp-block-paragraph\">En la <strong>Casa Celeste de La Florida<\/strong>, Uribe apareci\u00f3 ante los medios visiblemente afectado. La tensi\u00f3n acumulada, los malos resultados, la presi\u00f3n de la hinchada y la agresi\u00f3n sufrida el d\u00eda anterior terminaron por reflejarse en su rostro. Hubo silencios, emoci\u00f3n y l\u00e1grimas.<\/p>\n\n\n\n<p class=\"wp-block-paragraph\">Y entonces lleg\u00f3 una frase que resumi\u00f3 su estado de \u00e1nimo:<\/p>\n\n\n\n<p class=\"wp-block-paragraph\"><strong>\u201cVOY A RESISTIR\u201d.<\/strong><\/p>\n\n\n\n<p class=\"wp-block-paragraph\">Uribe pidi\u00f3 disculpas a los hinchas de Sporting Cristal y asegur\u00f3 que continuar\u00e1 en su cargo. No anunci\u00f3 su salida. Por el contrario, decidi\u00f3 quedarse y afrontar el dif\u00edcil momento.<\/p>\n\n\n\n<p class=\"wp-block-paragraph\">Pero detr\u00e1s de sus palabras qued\u00f3 una sensaci\u00f3n evidente: <strong>el desgaste emocional de un hombre que siente profundamente los colores que representa.<\/strong><\/p>\n\n\n\n<p class=\"wp-block-paragraph\"><strong>LA PACIENCIA SE AGOT\u00d3 EN EL R\u00cdMAC<\/strong><\/p>\n\n\n\n<p class=\"wp-block-paragraph\">La derrota y los resultados recientes han profundizado el malestar en el entorno celeste.<\/p>\n\n\n\n<p class=\"wp-block-paragraph\">En el R\u00edmac, donde Sporting Cristal tiene una relaci\u00f3n hist\u00f3rica con su gente, la paciencia parece haber llegado a su l\u00edmite. La <strong>#12 del R\u00edmac<\/strong> reclama respuestas y considera que los referentes del club deben asumir un papel m\u00e1s activo frente a la crisis.<\/p>\n\n\n\n<p class=\"wp-block-paragraph\">En ese reclamo aparece inevitablemente el nombre de Julio C\u00e9sar Uribe.<\/p>\n\n\n\n<p class=\"wp-block-paragraph\">Para un sector de la hinchada, su condici\u00f3n de \u00eddolo y referente hist\u00f3rico significa que tiene una responsabilidad adicional: <strong>dar la cara, hablar con los dirigentes y transmitirles directamente el sentimiento de las tribunas.<\/strong><\/p>\n\n\n\n<p class=\"wp-block-paragraph\">No se trata solamente de exigirle explicaciones a un dirigente.<\/p>\n\n\n\n<p class=\"wp-block-paragraph\">Se trata de pedirle al \u00eddolo que vuelva a levantar la voz por el club que ayud\u00f3 a representar dentro de una cancha.<\/p>\n\n\n\n<p class=\"wp-block-paragraph\"><strong>UN CLUB QUE ACOSTUMBR\u00d3 A GANAR<\/strong><\/p>\n\n\n\n<p class=\"wp-block-paragraph\">El dolor del hincha no nace \u00fanicamente de una derrota.<\/p>\n\n\n\n<p class=\"wp-block-paragraph\">Nace de la comparaci\u00f3n.<\/p>\n\n\n\n<p class=\"wp-block-paragraph\">Sporting Cristal es un club acostumbrado a pelear campeonatos, a disputar torneos internacionales, a mirar hacia arriba y a representar al f\u00fatbol peruano en la Copa Libertadores.<\/p>\n\n\n\n<p class=\"wp-block-paragraph\">Durante generaciones, el celeste fue tambi\u00e9n un punto de encuentro.<\/p>\n\n\n\n<p class=\"wp-block-paragraph\">El padre que llevaba a su hijo.<br>El abuelo que transmit\u00eda la pasi\u00f3n al nieto.<br>Los amigos del barrio.<br>Los j\u00f3venes que heredaban una camiseta.<br>Las familias enteras reunidas alrededor de noventa minutos de f\u00fatbol.<\/p>\n\n\n\n<p class=\"wp-block-paragraph\"><strong>Cristal es f\u00fatbol, pero para su gente tambi\u00e9n es memoria.<\/strong><\/p>\n\n\n\n<p class=\"wp-block-paragraph\">Es barrio. Es familia. Es identidad.<\/p>\n\n\n\n<p class=\"wp-block-paragraph\">Por eso, cuando el equipo atraviesa una etapa complicada, la derrota no termina cuando suena el pitazo final. Se queda en las casas, en las calles y en las conversaciones del R\u00edmac.<\/p>\n\n\n\n<p class=\"wp-block-paragraph\"><strong>EL \u00cdDOLO FRENTE A LA TORMENTA<\/strong><\/p>\n\n\n\n<p class=\"wp-block-paragraph\">Julio C\u00e9sar Uribe conoce perfectamente ese sentimiento.<\/p>\n\n\n\n<p class=\"wp-block-paragraph\">Sabe lo que significa ponerse la camiseta celeste. Sabe lo que representa para miles de personas. Y quiz\u00e1 por eso las im\u00e1genes de la conferencia golpearon de manera especial.<\/p>\n\n\n\n<p class=\"wp-block-paragraph\">Sus l\u00e1grimas no fueron las de un hincha cualquiera.<\/p>\n\n\n\n<p class=\"wp-block-paragraph\">Fueron las de alguien que lleva una parte de la historia de Sporting Cristal sobre sus hombros.<\/p>\n\n\n\n<p class=\"wp-block-paragraph\">El pedido de disculpas a la hinchada mostr\u00f3 a un Uribe consciente del enorme malestar existente. Pero tambi\u00e9n dej\u00f3 claro que, pese a todo, <strong>no piensa abandonar el barco<\/strong>.<\/p>\n\n\n\n<p class=\"wp-block-paragraph\">\u201cVoy a resistir\u201d, dijo.<\/p>\n\n\n\n<p class=\"wp-block-paragraph\">Resistir la presi\u00f3n.<br>Resistir las cr\u00edticas.<br>Resistir el momento deportivo.<br>Resistir el desgaste.<\/p>\n\n\n\n<p class=\"wp-block-paragraph\">Y seguir intentando defender aquello que, para \u00e9l, representa mucho m\u00e1s que un cargo.<\/p>\n\n\n\n<p class=\"wp-block-paragraph\"><strong>\u00bfQUI\u00c9N ESCUCHA AL \u00cdDOLO?<\/strong><\/p>\n\n\n\n<p class=\"wp-block-paragraph\">En medio de esta crisis aparece otra interrogante.<\/p>\n\n\n\n<p class=\"wp-block-paragraph\">Uribe ha transmitido la sensaci\u00f3n de que sus opiniones y planteamientos no siempre son escuchados por quienes tienen la \u00faltima palabra en la instituci\u00f3n. Esa percepci\u00f3n forma parte hoy del malestar que rodea al club y alimenta la pregunta que muchos hinchas se hacen:<\/p>\n\n\n\n<p class=\"wp-block-paragraph\"><strong>\u00bfQui\u00e9n est\u00e1 escuchando realmente a Sporting Cristal?<\/strong><\/p>\n\n\n\n<p class=\"wp-block-paragraph\">La hinchada quiere respuestas.<\/p>\n\n\n\n<p class=\"wp-block-paragraph\">Quiere saber hacia d\u00f3nde camina el club. Quiere volver a competir. Quiere volver a ilusionarse.<\/p>\n\n\n\n<p class=\"wp-block-paragraph\">Y, sobre todo, quiere sentir que quienes toman las decisiones entienden lo que significa Sporting Cristal para su gente.<\/p>\n\n\n\n<p class=\"wp-block-paragraph\"><strong>NO HAY JUSTIFICACI\u00d3N PARA LA VIOLENCIA<\/strong><\/p>\n\n\n\n<p class=\"wp-block-paragraph\">Pero hay algo que no puede confundirse.<\/p>\n\n\n\n<p class=\"wp-block-paragraph\">La protesta del hincha puede ser firme. La cr\u00edtica puede ser dura. La exigencia es leg\u00edtima cuando se trata de un club grande y de una camiseta que representa a miles de personas.<\/p>\n\n\n\n<p class=\"wp-block-paragraph\"><strong>La violencia, sin embargo, no tiene justificaci\u00f3n.<\/strong><\/p>\n\n\n\n<p class=\"wp-block-paragraph\">La agresi\u00f3n contra un referente del club no puede convertirse en una forma de reclamar resultados.<\/p>\n\n\n\n<p class=\"wp-block-paragraph\">El f\u00fatbol puede generar pasi\u00f3n, tristeza, rabia y alegr\u00eda. Pero la pasi\u00f3n pierde su sentido cuando termina atentando contra las personas.<\/p>\n\n\n\n<p class=\"wp-block-paragraph\"><strong>EL R\u00cdMAC QUIERE RECUPERAR A SU CRISTAL<\/strong><\/p>\n\n\n\n<p class=\"wp-block-paragraph\">Hoy el Sporting Cristal del R\u00edmac est\u00e1 herido.<\/p>\n\n\n\n<p class=\"wp-block-paragraph\">Su hinchada est\u00e1 molesta. Sus resultados no convencen. Y uno de sus principales referentes apareci\u00f3 ante las c\u00e1maras con los ojos cargados de tristeza.<\/p>\n\n\n\n<p class=\"wp-block-paragraph\">Pero detr\u00e1s de toda esa frustraci\u00f3n todav\u00eda existe algo mucho m\u00e1s poderoso:<\/p>\n\n\n\n<p class=\"wp-block-paragraph\"><strong>el amor por la camiseta.<\/strong><\/p>\n\n\n\n<p class=\"wp-block-paragraph\">Porque el hincha celeste no dej\u00f3 de querer a Sporting Cristal.<\/p>\n\n\n\n<p class=\"wp-block-paragraph\">Lo que quiere es volver a reconocerlo.<\/p>\n\n\n\n<p class=\"wp-block-paragraph\">Volver a ver un equipo protagonista.<br>Volver a celebrar.<br>Volver a so\u00f1ar con campeonatos.<br>Volver a escuchar el himno celeste en una noche internacional.<br>Volver a llevar a los hijos y nietos con orgullo.<\/p>\n\n\n\n<p class=\"wp-block-paragraph\">Y quiz\u00e1s por eso las l\u00e1grimas de Julio C\u00e9sar Uribe tengan hoy un significado especial.<\/p>\n\n\n\n<p class=\"wp-block-paragraph\">Porque cuando un \u00eddolo se quiebra, tambi\u00e9n se refleja en \u00e9l el dolor de una hinchada.<\/p>\n\n\n\n<p class=\"wp-block-paragraph\">Uribe dijo que va a resistir.<\/p>\n\n\n\n<p class=\"wp-block-paragraph\">Ahora la pregunta queda en manos de quienes conducen la instituci\u00f3n:<\/p>\n\n\n\n<p class=\"wp-block-paragraph\"><strong>\u00bfTambi\u00e9n estar\u00e1n dispuestos a escuchar?<\/strong><\/p>\n\n\n\n<p class=\"wp-block-paragraph\">Porque Sporting Cristal no pertenece solamente a un directorio, a una dirigencia o a quienes administran sus destinos.<\/p>\n\n\n\n<p class=\"wp-block-paragraph\"><strong>Sporting Cristal vive en el R\u00edmac. Vive en sus familias. Vive en sus generaciones. Vive en su gente.<\/strong><\/p>\n","protected":false},"excerpt":{"rendered":"<p>El \u00eddolo celeste pidi\u00f3 disculpas a los hinchas de Sporting Cristal y confirm\u00f3 que continuar\u00e1 en su cargo. La agresi\u00f3n sufrida en el R\u00edmac y la crisis deportiva golpean a un referente que hoy parece cargar sobre sus hombros buena parte de la frustraci\u00f3n de una hinchada que exige respuestas. La Florida, R\u00edmac.\u2014 Esta vez [&hellip;]<\/p>\n","protected":false},"author":1,"featured_media":4899,"comment_status":"open","ping_status":"open","sticky":false,"template":"","format":"standard","meta":{"footnotes":""},"categories":[7,5],"tags":[],"class_list":["post-4898","post","type-post","status-publish","format-standard","has-post-thumbnail","hentry","category-deporte","category-ultimas-noticias"],"_links":{"self":[{"href":"https:\/\/diariolademocracia.com\/index.php?rest_route=\/wp\/v2\/posts\/4898","targetHints":{"allow":["GET"]}}],"collection":[{"href":"https:\/\/diariolademocracia.com\/index.php?rest_route=\/wp\/v2\/posts"}],"about":[{"href":"https:\/\/diariolademocracia.com\/index.php?rest_route=\/wp\/v2\/types\/post"}],"author":[{"embeddable":true,"href":"https:\/\/diariolademocracia.com\/index.php?rest_route=\/wp\/v2\/users\/1"}],"replies":[{"embeddable":true,"href":"https:\/\/diariolademocracia.com\/index.php?rest_route=%2Fwp%2Fv2%2Fcomments&post=4898"}],"version-history":[{"count":2,"href":"https:\/\/diariolademocracia.com\/index.php?rest_route=\/wp\/v2\/posts\/4898\/revisions"}],"predecessor-version":[{"id":4901,"href":"https:\/\/diariolademocracia.com\/index.php?rest_route=\/wp\/v2\/posts\/4898\/revisions\/4901"}],"wp:featuredmedia":[{"embeddable":true,"href":"https:\/\/diariolademocracia.com\/index.php?rest_route=\/wp\/v2\/media\/4899"}],"wp:attachment":[{"href":"https:\/\/diariolademocracia.com\/index.php?rest_route=%2Fwp%2Fv2%2Fmedia&parent=4898"}],"wp:term":[{"taxonomy":"category","embeddable":true,"href":"https:\/\/diariolademocracia.com\/index.php?rest_route=%2Fwp%2Fv2%2Fcategories&post=4898"},{"taxonomy":"post_tag","embeddable":true,"href":"https:\/\/diariolademocracia.com\/index.php?rest_route=%2Fwp%2Fv2%2Ftags&post=4898"}],"curies":[{"name":"wp","href":"https:\/\/api.w.org\/{rel}","templated":true}]}}