{"id":506,"date":"2025-04-14T03:10:52","date_gmt":"2025-04-14T01:10:52","guid":{"rendered":"https:\/\/diariolademocracia.com\/?p=506"},"modified":"2025-04-14T15:52:14","modified_gmt":"2025-04-14T13:52:14","slug":"el-otro-machu-picchu-del-peru-restaurante-peruano-brilla-en-republica-checa-por-su-diversidad-de-sabores-y-fusiones-culturales","status":"publish","type":"post","link":"https:\/\/diariolademocracia.com\/?p=506","title":{"rendered":"&#8216;El otro Machu Picchu del Per\u00fa&#8217;, restaurante peruano brilla en  Republica Checa \u00a0por su diversidad de sabores y fusiones culturales"},"content":{"rendered":"\n<p>La gastronom\u00eda peruana con el pasar de los a\u00f1os a logrado tener un reconocimiento a nivel mundial por su diversidad de sabores y fusiones culturales.&nbsp;Per\u00fa ha sido galardonado como \u201cDestino culinario l\u00edder en el mundo\u201d por los World Travel Awards.<\/p>\n\n\n\n<p>La variedad de la gastronom\u00eda peruana ha atra\u00eddo la atenci\u00f3n de reconocidos chefs internacionales, quienes han incluido platos peruanos en sus men\u00fas. Este inter\u00e9s tambi\u00e9n ha generado un aumento en la apertura de restaurantes peruanos en distintas ciudades del mundo, lo que ha contribuido a la difusi\u00f3n de la cocina peruana.<\/p>\n\n\n\n<figure class=\"wp-block-image size-large\"><img  title=\"\" loading=\"lazy\" decoding=\"async\" width=\"768\" height=\"1024\" src=\"https:\/\/diariolademocracia.com\/wp-content\/uploads\/2025\/04\/image-12-768x1024.png\"  alt=\"image-12-768x1024 &#039;El otro Machu Picchu del Per\u00fa&#039;, restaurante peruano brilla en  Republica Checa \u00a0por su diversidad de sabores y fusiones culturales\"  class=\"wp-image-540\" srcset=\"https:\/\/diariolademocracia.com\/wp-content\/uploads\/2025\/04\/image-12-768x1024.png 768w, https:\/\/diariolademocracia.com\/wp-content\/uploads\/2025\/04\/image-12-225x300.png 225w, https:\/\/diariolademocracia.com\/wp-content\/uploads\/2025\/04\/image-12-1152x1536.png 1152w, https:\/\/diariolademocracia.com\/wp-content\/uploads\/2025\/04\/image-12.png 1200w\" sizes=\"auto, (max-width: 768px) 100vw, 768px\" \/><\/figure>\n\n\n\n<p>Es el caso que  \u00abMa\u010du Pik\u010du\u00bb , un Restaurante ubicado Praga, capital de Republica Checa , con cocina fusi\u00f3n peruano-checa. Sabores aut\u00e9nticos y gran ambiente , este restaurante de cocina peruana cuenta con platos ic\u00f3nicos como el cebiche, el aj\u00ed de gallina, el lomo saltado, el arroz con mariscos, entre otros.<\/p>\n\n\n\n<figure class=\"wp-block-image size-large\"><img  title=\"\" loading=\"lazy\" decoding=\"async\" width=\"1024\" height=\"768\" src=\"https:\/\/diariolademocracia.com\/wp-content\/uploads\/2025\/04\/LOCAL-ENTRADA-1024x768.jpg\"  alt=\"LOCAL-ENTRADA-1024x768 &#039;El otro Machu Picchu del Per\u00fa&#039;, restaurante peruano brilla en  Republica Checa \u00a0por su diversidad de sabores y fusiones culturales\"  class=\"wp-image-519\" srcset=\"https:\/\/diariolademocracia.com\/wp-content\/uploads\/2025\/04\/LOCAL-ENTRADA-1024x768.jpg 1024w, https:\/\/diariolademocracia.com\/wp-content\/uploads\/2025\/04\/LOCAL-ENTRADA-300x225.jpg 300w, https:\/\/diariolademocracia.com\/wp-content\/uploads\/2025\/04\/LOCAL-ENTRADA-768x576.jpg 768w, https:\/\/diariolademocracia.com\/wp-content\/uploads\/2025\/04\/LOCAL-ENTRADA-1536x1152.jpg 1536w, https:\/\/diariolademocracia.com\/wp-content\/uploads\/2025\/04\/LOCAL-ENTRADA.jpg 2048w\" sizes=\"auto, (max-width: 1024px) 100vw, 1024px\" \/><\/figure>\n\n\n\n<p>Hoy los peruanos se sienten orgullosos de los reconocimientos que ha logrado la Gastronom\u00eda Peruana y sus representantes, que han sabido conquistar los paladares m\u00e1s selectos del mundo, es la caso de los Chefs Internacionales Danny Roe Avenda\u00f1o Silva  y Carlos Hilgert, quienes con mucho esfuerzo y dedicaci\u00f3n ha logrado posicionarse en el mercado gastron\u00f3mico de este hermoso pa\u00eds eslavo , una fusi\u00f3n de comida peruana checa .Este crecimiento va respaldado de una seria y responsable administraci\u00f3n de Carlos Torres, este equipo de trabajo busca construir una buena imagen corporativa y una solidad reputaci\u00f3n internacional dentro del mundo de la gastronom\u00eda .<\/p>\n\n\n\n<figure class=\"wp-block-image size-large\"><img  title=\"\" loading=\"lazy\" decoding=\"async\" width=\"1024\" height=\"768\" src=\"https:\/\/diariolademocracia.com\/wp-content\/uploads\/2025\/04\/SOCIOS-1024x768.jpg\"  alt=\"SOCIOS-1024x768 &#039;El otro Machu Picchu del Per\u00fa&#039;, restaurante peruano brilla en  Republica Checa \u00a0por su diversidad de sabores y fusiones culturales\"  class=\"wp-image-520\" srcset=\"https:\/\/diariolademocracia.com\/wp-content\/uploads\/2025\/04\/SOCIOS-1024x768.jpg 1024w, https:\/\/diariolademocracia.com\/wp-content\/uploads\/2025\/04\/SOCIOS-300x225.jpg 300w, https:\/\/diariolademocracia.com\/wp-content\/uploads\/2025\/04\/SOCIOS-768x576.jpg 768w, https:\/\/diariolademocracia.com\/wp-content\/uploads\/2025\/04\/SOCIOS-1536x1152.jpg 1536w, https:\/\/diariolademocracia.com\/wp-content\/uploads\/2025\/04\/SOCIOS.jpg 2048w\" sizes=\"auto, (max-width: 1024px) 100vw, 1024px\" \/><\/figure>\n\n\n\n<p>La diversidad de platos que a podido crear estos creativos Chefs en restaurante \u00abMa\u010du Pik\u010du\u00bb , a generado que algunos platos sean calificados ic\u00f3nicos por los comensales del viejo continente , como el cebiche, el aj\u00ed de gallina, el lomo saltado, el arroz con mariscos, entre otros.<\/p>\n\n\n\n<figure class=\"wp-block-image size-large\"><img  title=\"\" loading=\"lazy\" decoding=\"async\" width=\"1024\" height=\"1015\" src=\"https:\/\/diariolademocracia.com\/wp-content\/uploads\/2025\/04\/CARTA-DE-PLATOS-hoy-1024x1015.jpg\"  alt=\"CARTA-DE-PLATOS-hoy-1024x1015 &#039;El otro Machu Picchu del Per\u00fa&#039;, restaurante peruano brilla en  Republica Checa \u00a0por su diversidad de sabores y fusiones culturales\"  class=\"wp-image-521\" srcset=\"https:\/\/diariolademocracia.com\/wp-content\/uploads\/2025\/04\/CARTA-DE-PLATOS-hoy-1024x1015.jpg 1024w, https:\/\/diariolademocracia.com\/wp-content\/uploads\/2025\/04\/CARTA-DE-PLATOS-hoy-300x297.jpg 300w, https:\/\/diariolademocracia.com\/wp-content\/uploads\/2025\/04\/CARTA-DE-PLATOS-hoy-150x150.jpg 150w, https:\/\/diariolademocracia.com\/wp-content\/uploads\/2025\/04\/CARTA-DE-PLATOS-hoy-768x761.jpg 768w, https:\/\/diariolademocracia.com\/wp-content\/uploads\/2025\/04\/CARTA-DE-PLATOS-hoy.jpg 1080w\" sizes=\"auto, (max-width: 1024px) 100vw, 1024px\" \/><\/figure>\n\n\n\n<p>Contando con hermosos ambientes divididos en tres regiones , como la costa , sierra y selva , con  salones privado llamados \u00abMachu Picchu\u00bb, \u00bb Paracas\u00bb por la hermosa cuidad y su playa , el sal\u00f3n para los ni\u00f1os  y otros salones mas que podr\u00e1n ver al visitar este agradable restauran peruano checo .<\/p>\n\n\n\n<figure class=\"wp-block-image size-large\"><img  title=\"\" loading=\"lazy\" decoding=\"async\" width=\"768\" height=\"1024\" src=\"https:\/\/diariolademocracia.com\/wp-content\/uploads\/2025\/04\/CHEFF-DE-RESTAURANTE-768x1024.jpg\"  alt=\"CHEFF-DE-RESTAURANTE-768x1024 &#039;El otro Machu Picchu del Per\u00fa&#039;, restaurante peruano brilla en  Republica Checa \u00a0por su diversidad de sabores y fusiones culturales\"  class=\"wp-image-523\" srcset=\"https:\/\/diariolademocracia.com\/wp-content\/uploads\/2025\/04\/CHEFF-DE-RESTAURANTE-768x1024.jpg 768w, https:\/\/diariolademocracia.com\/wp-content\/uploads\/2025\/04\/CHEFF-DE-RESTAURANTE-225x300.jpg 225w, https:\/\/diariolademocracia.com\/wp-content\/uploads\/2025\/04\/CHEFF-DE-RESTAURANTE-1152x1536.jpg 1152w, https:\/\/diariolademocracia.com\/wp-content\/uploads\/2025\/04\/CHEFF-DE-RESTAURANTE.jpg 1536w\" sizes=\"auto, (max-width: 768px) 100vw, 768px\" \/><figcaption class=\"wp-element-caption\"><a href=\"https:\/\/www.macu-pikcu.cz\/nuestra-carta\/#entradas-peruanas-y-checas\">https:\/\/www.macu-pikcu.cz\/nuestra-carta\/#entradas-peruanas-y-checas<\/a><\/figcaption><\/figure>\n\n\n\n<p>Gracias a estas buenas practicas gastron\u00f3micas el  Per\u00fa contar\u00e1 con una nueva generaci\u00f3n de chefs talentosos que promover\u00e1n y difundir\u00e1n la gastronom\u00eda peruana en distintas partes del mundo. Esto contribuye al crecimiento del turismo en el pa\u00eds y al reconocimiento internacional de nuestra cultura e identidad.<\/p>\n\n\n\n<p><img  title=\"\" loading=\"lazy\" decoding=\"async\" width=\"30\" height=\"30\" class=\"wp-image-234\" style=\"width: 30px;\" src=\"https:\/\/diariolademocracia.com\/wp-content\/uploads\/2025\/03\/SOBRE-001.jpg\"  alt=\"SOBRE-001 &#039;El otro Machu Picchu del Per\u00fa&#039;, restaurante peruano brilla en  Republica Checa \u00a0por su diversidad de sabores y fusiones culturales\"  srcset=\"https:\/\/diariolademocracia.com\/wp-content\/uploads\/2025\/03\/SOBRE-001.jpg 980w, https:\/\/diariolademocracia.com\/wp-content\/uploads\/2025\/03\/SOBRE-001-300x300.jpg 300w, https:\/\/diariolademocracia.com\/wp-content\/uploads\/2025\/03\/SOBRE-001-150x150.jpg 150w, https:\/\/diariolademocracia.com\/wp-content\/uploads\/2025\/03\/SOBRE-001-768x768.jpg 768w\" sizes=\"auto, (max-width: 30px) 100vw, 30px\" \/>Alfredo Rosell G.<\/p>\n\n\n\n<p><\/p>\n\n\n\n<p><\/p>\n","protected":false},"excerpt":{"rendered":"<p>La gastronom\u00eda peruana con el pasar de los a\u00f1os a logrado tener un reconocimiento a nivel mundial por su diversidad de sabores y fusiones culturales.&nbsp;Per\u00fa ha sido galardonado como \u201cDestino culinario l\u00edder en el mundo\u201d por los World Travel Awards. La variedad de la gastronom\u00eda peruana ha atra\u00eddo la atenci\u00f3n de reconocidos chefs internacionales, quienes [&hellip;]<\/p>\n","protected":false},"author":1,"featured_media":524,"comment_status":"open","ping_status":"open","sticky":false,"template":"","format":"standard","meta":{"footnotes":""},"categories":[11,5,23],"tags":[],"class_list":["post-506","post","type-post","status-publish","format-standard","has-post-thumbnail","hentry","category-mundo","category-ultimas-noticias","category-vidayestilo"],"_links":{"self":[{"href":"https:\/\/diariolademocracia.com\/index.php?rest_route=\/wp\/v2\/posts\/506","targetHints":{"allow":["GET"]}}],"collection":[{"href":"https:\/\/diariolademocracia.com\/index.php?rest_route=\/wp\/v2\/posts"}],"about":[{"href":"https:\/\/diariolademocracia.com\/index.php?rest_route=\/wp\/v2\/types\/post"}],"author":[{"embeddable":true,"href":"https:\/\/diariolademocracia.com\/index.php?rest_route=\/wp\/v2\/users\/1"}],"replies":[{"embeddable":true,"href":"https:\/\/diariolademocracia.com\/index.php?rest_route=%2Fwp%2Fv2%2Fcomments&post=506"}],"version-history":[{"count":9,"href":"https:\/\/diariolademocracia.com\/index.php?rest_route=\/wp\/v2\/posts\/506\/revisions"}],"predecessor-version":[{"id":542,"href":"https:\/\/diariolademocracia.com\/index.php?rest_route=\/wp\/v2\/posts\/506\/revisions\/542"}],"wp:featuredmedia":[{"embeddable":true,"href":"https:\/\/diariolademocracia.com\/index.php?rest_route=\/wp\/v2\/media\/524"}],"wp:attachment":[{"href":"https:\/\/diariolademocracia.com\/index.php?rest_route=%2Fwp%2Fv2%2Fmedia&parent=506"}],"wp:term":[{"taxonomy":"category","embeddable":true,"href":"https:\/\/diariolademocracia.com\/index.php?rest_route=%2Fwp%2Fv2%2Fcategories&post=506"},{"taxonomy":"post_tag","embeddable":true,"href":"https:\/\/diariolademocracia.com\/index.php?rest_route=%2Fwp%2Fv2%2Ftags&post=506"}],"curies":[{"name":"wp","href":"https:\/\/api.w.org\/{rel}","templated":true}]}}